{"id":49904,"date":"2026-04-27T18:12:28","date_gmt":"2026-04-27T18:12:28","guid":{"rendered":"https:\/\/radiojehona.mk\/?p=49904"},"modified":"2026-04-27T18:12:28","modified_gmt":"2026-04-27T18:12:28","slug":"sulm-me-thike-ne-shkup-i-dyshuari-ne-arrest-shtepiak-per-tentim-vrasje","status":"publish","type":"post","link":"https:\/\/radiojehona.mk\/?p=49904","title":{"rendered":"Sulm me thik\u00eb n\u00eb Shkup, i dyshuari n\u00eb arrest sht\u00ebpiak p\u00ebr \u201ctentim vrasje\u201d"},"content":{"rendered":"\n<figure class=\"wp-block-image size-full\"><img fetchpriority=\"high\" decoding=\"async\" width=\"696\" height=\"392\" src=\"https:\/\/radiojehona.mk\/wp-content\/uploads\/2026\/04\/inbound2666520938647178987-696x392-1.jpg\" alt=\"\" class=\"wp-image-49905\" srcset=\"https:\/\/radiojehona.mk\/wp-content\/uploads\/2026\/04\/inbound2666520938647178987-696x392-1.jpg 696w, https:\/\/radiojehona.mk\/wp-content\/uploads\/2026\/04\/inbound2666520938647178987-696x392-1-300x169.jpg 300w\" sizes=\"(max-width: 696px) 100vw, 696px\" \/><\/figure>\n\n\n\n<p>SPB Shkup ka zbardhur nj\u00eb vep\u00ebr penale \u201ctentim vrasje\u201d dhe \u00ebsht\u00eb paraqitur kall\u00ebzim penal me procedur\u00eb urgjente.<\/p>\n\n\n\n<p>Zyrtar\u00eb policor\u00eb nga SPB Shkup e kan\u00eb privuar nga liria A.\u00c7. nga Shkupi, pasi m\u00eb 23.04.2026, para nj\u00eb objekti gastronomik n\u00eb rrug\u00ebn \u201c50 Divizija\u201d, me thik\u00eb i ka shkaktuar plag\u00eb ther\u00ebse A. Gj. Menj\u00ebher\u00eb pas marrjes s\u00eb denoncimit p\u00ebr ngjarjen, policia ka nd\u00ebrmarr\u00eb masa dhe aktivitete p\u00ebrkat\u00ebse dhe rasti \u00ebsht\u00eb zbardhur plot\u00ebsisht.<\/p>\n\n\n\n<p>Sulmuesi \u00ebsht\u00eb ndaluar, nd\u00ebrsa nga Nj\u00ebsia p\u00ebr Kriminalitet t\u00eb Dhunsh\u00ebm pran\u00eb SPB Shkup, n\u00eb koordinim me Prokurorin\u00eb Themelore Publike Shkup, \u00ebsht\u00eb paraqitur kall\u00ebzim penal me procedur\u00eb urgjente kund\u00ebr A.\u00c7. p\u00ebr vepr\u00ebn penale \u201ctentim vrasje\u201d sipas nenit 123 n\u00eb lidhje me nenin 19 t\u00eb Kodit Penal.<\/p>\n\n\n\n<p>Nga ana e gjyqtarit t\u00eb procedur\u00ebs paraprake, ndaj t\u00eb dyshuarit \u00ebsht\u00eb caktuar masa e arrestit sht\u00ebpiak n\u00eb koh\u00ebzgjatje prej 30 dit\u00ebsh.<\/p>\n","protected":false},"excerpt":{"rendered":"<p>SPB Shkup ka zbardhur nj&euml; vep&euml;r penale &ldquo;tentim vrasje&rdquo; dhe &euml;sht&euml; paraqitur kall&euml;zim penal me procedur&euml; urgjente. Zyrtar&euml; policor&euml; nga SPB Shkup e kan&euml; privuar nga liria A.&Ccedil;. nga Shkupi, pasi m&euml; 23.04.2026, para nj&euml; objekti gastronomik n&euml; rrug&euml;n &ldquo;50 Divizija&rdquo;, me thik&euml; i ka shkaktuar plag&euml; ther&euml;se A. Gj. Menj&euml;her&euml; pas marrjes s&euml; denoncimit [&hellip;]<\/p>\n","protected":false},"author":2,"featured_media":49905,"comment_status":"open","ping_status":"closed","sticky":false,"template":"","format":"standard","meta":{"_monsterinsights_skip_tracking":false,"_monsterinsights_sitenote_active":false,"_monsterinsights_sitenote_note":"","_monsterinsights_sitenote_category":0,"footnotes":""},"categories":[1],"tags":[],"class_list":["post-49904","post","type-post","status-publish","format-standard","has-post-thumbnail","hentry","category-vendi"],"_links":{"self":[{"href":"https:\/\/radiojehona.mk\/index.php?rest_route=\/wp\/v2\/posts\/49904","targetHints":{"allow":["GET"]}}],"collection":[{"href":"https:\/\/radiojehona.mk\/index.php?rest_route=\/wp\/v2\/posts"}],"about":[{"href":"https:\/\/radiojehona.mk\/index.php?rest_route=\/wp\/v2\/types\/post"}],"author":[{"embeddable":true,"href":"https:\/\/radiojehona.mk\/index.php?rest_route=\/wp\/v2\/users\/2"}],"replies":[{"embeddable":true,"href":"https:\/\/radiojehona.mk\/index.php?rest_route=%2Fwp%2Fv2%2Fcomments&post=49904"}],"version-history":[{"count":1,"href":"https:\/\/radiojehona.mk\/index.php?rest_route=\/wp\/v2\/posts\/49904\/revisions"}],"predecessor-version":[{"id":49906,"href":"https:\/\/radiojehona.mk\/index.php?rest_route=\/wp\/v2\/posts\/49904\/revisions\/49906"}],"wp:featuredmedia":[{"embeddable":true,"href":"https:\/\/radiojehona.mk\/index.php?rest_route=\/wp\/v2\/media\/49905"}],"wp:attachment":[{"href":"https:\/\/radiojehona.mk\/index.php?rest_route=%2Fwp%2Fv2%2Fmedia&parent=49904"}],"wp:term":[{"taxonomy":"category","embeddable":true,"href":"https:\/\/radiojehona.mk\/index.php?rest_route=%2Fwp%2Fv2%2Fcategories&post=49904"},{"taxonomy":"post_tag","embeddable":true,"href":"https:\/\/radiojehona.mk\/index.php?rest_route=%2Fwp%2Fv2%2Ftags&post=49904"}],"curies":[{"name":"wp","href":"https:\/\/api.w.org\/{rel}","templated":true}]}}