{"id":49901,"date":"2026-04-27T18:10:41","date_gmt":"2026-04-27T18:10:41","guid":{"rendered":"https:\/\/radiojehona.mk\/?p=49901"},"modified":"2026-04-27T18:10:41","modified_gmt":"2026-04-27T18:10:41","slug":"bfi-kete-vit-per-ne-haxh-do-te-udhetojne-mbi-dy-mije-besimtare","status":"publish","type":"post","link":"https:\/\/radiojehona.mk\/?p=49901","title":{"rendered":"BFI: K\u00ebt\u00eb vit p\u00ebr n\u00eb Haxh do t\u00eb udh\u00ebtojn\u00eb mbi dy mij\u00eb besimtar\u00eb"},"content":{"rendered":"\n<figure class=\"wp-block-image size-full\"><img fetchpriority=\"high\" decoding=\"async\" width=\"696\" height=\"431\" src=\"https:\/\/radiojehona.mk\/wp-content\/uploads\/2026\/04\/Historiku-i-Qabese-The-Kaaba_ift1S3sAYN2G.webp\" alt=\"\" class=\"wp-image-49902\" srcset=\"https:\/\/radiojehona.mk\/wp-content\/uploads\/2026\/04\/Historiku-i-Qabese-The-Kaaba_ift1S3sAYN2G.webp 696w, https:\/\/radiojehona.mk\/wp-content\/uploads\/2026\/04\/Historiku-i-Qabese-The-Kaaba_ift1S3sAYN2G-300x186.webp 300w\" sizes=\"(max-width: 696px) 100vw, 696px\" \/><\/figure>\n\n\n\n<p>K\u00ebt\u00eb vit n\u00eb Haxh dhe p\u00ebr vizit\u00eb n\u00eb vendet e shenjta myslimane, nga vendi yn\u00eb, do t\u00eb shkojn\u00eb mbi dy mij\u00eb besimtar\u00eb, q\u00eb \u00ebsht\u00eb num\u00ebr identik me vitin e kaluar, deklaroi p\u00ebr MIA-n, Irsal Jakupi, sekretar i p\u00ebrgjithsh\u00ebm i Bashk\u00ebsis\u00eb Fetare Islame.<\/p>\n\n\n\n<p>\u201cNumri \u00ebsht\u00eb plot\u00ebsuar sipas kuot\u00ebs t\u00eb cil\u00ebn e caktoi Ministria e Haxhit n\u00eb Arabin\u00eb Saudite dhe k\u00ebt\u00eb vit do t\u00eb ket\u00eb 2.020 besimtar\u00eb nga vendi, t\u00eb cil\u00ebt do t\u00eb udh\u00ebtojn\u00eb drejt vendeve t\u00eb shenjta, edhe pse ishin paraqitur m\u00eb shum\u00eb. Numri \u00ebsht\u00eb identik si edhe vitin e kaluar. Besimtar\u00ebt do t\u00eb udh\u00ebtojn\u00eb prej 14 deri m\u00eb 21 maj, me fluturime \u00e7arter me aeroplan\u201d, shtoi Jakupi.<\/p>\n\n\n\n<p>Sa i p\u00ebrket mosh\u00ebs, sipas tij, k\u00ebt\u00eb vit ata q\u00eb udh\u00ebtojn\u00eb n\u00eb haxh i takojn\u00eb gjenerat\u00ebs m\u00eb t\u00eb re, nd\u00ebrsa m\u00eb i moshuari \u00ebsht\u00eb nj\u00eb 75-vje\u00e7ar. \u00c7mimi p\u00ebr aranzhim p\u00ebr Haxh \u00ebsht\u00eb 6.700 euro, q\u00eb \u00ebsht\u00eb m\u00eb i lart\u00eb p\u00ebr 250 euro n\u00eb krahasim me vitin e kaluar.<\/p>\n\n\n\n<p>Festa e madhe e Bajramit t\u00eb Kurbanit, k\u00ebt\u00eb vit bie m\u00eb 27 maj. Haxhi sh\u00ebrben p\u00ebr t\u2019u kujtuar mysliman\u00ebve se t\u00eb gjith\u00eb jan\u00eb t\u00eb barabart\u00eb n\u00eb syt\u00eb e Zotit \u2013 Allahut. Kjo \u00ebsht\u00eb shtylla e pest\u00eb e Islamit dhe rikujton udh\u00ebtimin e profetit Muhamed n\u00eb vitin 632. Synon t\u2019i afroj\u00eb mysliman\u00ebt e t\u00eb gjitha komb\u00ebsive, duke i pastruar ata nga m\u00ebkatet dhe duke i afruar ata me Zotin.<\/p>\n","protected":false},"excerpt":{"rendered":"<p>K&euml;t&euml; vit n&euml; Haxh dhe p&euml;r vizit&euml; n&euml; vendet e shenjta myslimane, nga vendi yn&euml;, do t&euml; shkojn&euml; mbi dy mij&euml; besimtar&euml;, q&euml; &euml;sht&euml; num&euml;r identik me vitin e kaluar, deklaroi p&euml;r MIA-n, Irsal Jakupi, sekretar i p&euml;rgjithsh&euml;m i Bashk&euml;sis&euml; Fetare Islame. &ldquo;Numri &euml;sht&euml; plot&euml;suar sipas kuot&euml;s t&euml; cil&euml;n e caktoi Ministria e Haxhit n&euml; [&hellip;]<\/p>\n","protected":false},"author":2,"featured_media":49902,"comment_status":"open","ping_status":"closed","sticky":false,"template":"","format":"standard","meta":{"_monsterinsights_skip_tracking":false,"_monsterinsights_sitenote_active":false,"_monsterinsights_sitenote_note":"","_monsterinsights_sitenote_category":0,"footnotes":""},"categories":[1],"tags":[],"class_list":["post-49901","post","type-post","status-publish","format-standard","has-post-thumbnail","hentry","category-vendi"],"_links":{"self":[{"href":"https:\/\/radiojehona.mk\/index.php?rest_route=\/wp\/v2\/posts\/49901","targetHints":{"allow":["GET"]}}],"collection":[{"href":"https:\/\/radiojehona.mk\/index.php?rest_route=\/wp\/v2\/posts"}],"about":[{"href":"https:\/\/radiojehona.mk\/index.php?rest_route=\/wp\/v2\/types\/post"}],"author":[{"embeddable":true,"href":"https:\/\/radiojehona.mk\/index.php?rest_route=\/wp\/v2\/users\/2"}],"replies":[{"embeddable":true,"href":"https:\/\/radiojehona.mk\/index.php?rest_route=%2Fwp%2Fv2%2Fcomments&post=49901"}],"version-history":[{"count":1,"href":"https:\/\/radiojehona.mk\/index.php?rest_route=\/wp\/v2\/posts\/49901\/revisions"}],"predecessor-version":[{"id":49903,"href":"https:\/\/radiojehona.mk\/index.php?rest_route=\/wp\/v2\/posts\/49901\/revisions\/49903"}],"wp:featuredmedia":[{"embeddable":true,"href":"https:\/\/radiojehona.mk\/index.php?rest_route=\/wp\/v2\/media\/49902"}],"wp:attachment":[{"href":"https:\/\/radiojehona.mk\/index.php?rest_route=%2Fwp%2Fv2%2Fmedia&parent=49901"}],"wp:term":[{"taxonomy":"category","embeddable":true,"href":"https:\/\/radiojehona.mk\/index.php?rest_route=%2Fwp%2Fv2%2Fcategories&post=49901"},{"taxonomy":"post_tag","embeddable":true,"href":"https:\/\/radiojehona.mk\/index.php?rest_route=%2Fwp%2Fv2%2Ftags&post=49901"}],"curies":[{"name":"wp","href":"https:\/\/api.w.org\/{rel}","templated":true}]}}