{"id":49898,"date":"2026-04-27T18:09:30","date_gmt":"2026-04-27T18:09:30","guid":{"rendered":"https:\/\/radiojehona.mk\/?p=49898"},"modified":"2026-04-27T18:09:30","modified_gmt":"2026-04-27T18:09:30","slug":"gjorgjievski-kalimi-ne-bit-pazar-perfundimisht-do-te-mbyllet","status":"publish","type":"post","link":"https:\/\/radiojehona.mk\/?p=49898","title":{"rendered":"Gjorgjievski: Kalimi n\u00eb Bit Pazar p\u00ebrfundimisht do t\u00eb mbyllet"},"content":{"rendered":"\n<figure class=\"wp-block-image size-full\"><img fetchpriority=\"high\" decoding=\"async\" width=\"820\" height=\"475\" src=\"https:\/\/radiojehona.mk\/wp-content\/uploads\/2026\/04\/bit-pazare.png\" alt=\"\" class=\"wp-image-49899\" srcset=\"https:\/\/radiojehona.mk\/wp-content\/uploads\/2026\/04\/bit-pazare.png 820w, https:\/\/radiojehona.mk\/wp-content\/uploads\/2026\/04\/bit-pazare-300x174.png 300w, https:\/\/radiojehona.mk\/wp-content\/uploads\/2026\/04\/bit-pazare-768x445.png 768w\" sizes=\"(max-width: 820px) 100vw, 820px\" \/><\/figure>\n\n\n\n<p>Kryetari i Qytetit t\u00eb Shkup, Orce Gjorgjievski, ka njoftuar se n\u00eb dit\u00ebt n\u00eb vijim do t\u00eb nd\u00ebrmerren hapa konkret\u00eb p\u00ebr largimin e objekteve ilegale dhe mbylljen e vendkalimit n\u00eb Bit Pazar.<br>\u201cSapo p\u00ebrfunduam para nj\u00eb jave me bashk\u00ebpunimin nd\u00ebr komunal me komun\u00ebn e \u00c7airit. N\u00eb dit\u00ebt n\u00eb vijim do t\u00eb fillojm\u00eb me largimin e disa objekteve t\u00eb egra. Un\u00eb njoftova se ato procese do t\u00eb zhvillohen n\u00eb m\u00ebnyr\u00eb paralele. Do t\u00eb largohen t\u00eb gjitha objektet ilegale q\u00eb ndodhen atje dhe m\u00eb von\u00eb do t\u00eb mbyllet dhe vendkalimi ilegal. Kishte k\u00ebrkesa nga qytetar\u00ebt e asaj pjese t\u00eb qytetit q\u00eb ta legalizojm\u00eb at\u00eb vendkalim por jemi kategorik q\u00eb ai vend duhet t\u00eb mbyllet, edhe p\u00ebr arsye t\u00eb siguris\u00eb s\u00eb qytetar\u00ebve \u00ebsht\u00eb m\u00eb mir\u00eb ashtu t\u00eb jet\u00eb por edhe p\u00ebr shofer\u00ebt\u201d, deklaroi Gjorgjievski.<\/p>\n","protected":false},"excerpt":{"rendered":"<p>Kryetari i Qytetit t&euml; Shkup, Orce Gjorgjievski, ka njoftuar se n&euml; dit&euml;t n&euml; vijim do t&euml; nd&euml;rmerren hapa konkret&euml; p&euml;r largimin e objekteve ilegale dhe mbylljen e vendkalimit n&euml; Bit Pazar.&ldquo;Sapo p&euml;rfunduam para nj&euml; jave me bashk&euml;punimin nd&euml;r komunal me komun&euml;n e &Ccedil;airit. N&euml; dit&euml;t n&euml; vijim do t&euml; fillojm&euml; me largimin e disa objekteve [&hellip;]<\/p>\n","protected":false},"author":2,"featured_media":49899,"comment_status":"open","ping_status":"closed","sticky":false,"template":"","format":"standard","meta":{"_monsterinsights_skip_tracking":false,"_monsterinsights_sitenote_active":false,"_monsterinsights_sitenote_note":"","_monsterinsights_sitenote_category":0,"footnotes":""},"categories":[1],"tags":[],"class_list":["post-49898","post","type-post","status-publish","format-standard","has-post-thumbnail","hentry","category-vendi"],"_links":{"self":[{"href":"https:\/\/radiojehona.mk\/index.php?rest_route=\/wp\/v2\/posts\/49898","targetHints":{"allow":["GET"]}}],"collection":[{"href":"https:\/\/radiojehona.mk\/index.php?rest_route=\/wp\/v2\/posts"}],"about":[{"href":"https:\/\/radiojehona.mk\/index.php?rest_route=\/wp\/v2\/types\/post"}],"author":[{"embeddable":true,"href":"https:\/\/radiojehona.mk\/index.php?rest_route=\/wp\/v2\/users\/2"}],"replies":[{"embeddable":true,"href":"https:\/\/radiojehona.mk\/index.php?rest_route=%2Fwp%2Fv2%2Fcomments&post=49898"}],"version-history":[{"count":1,"href":"https:\/\/radiojehona.mk\/index.php?rest_route=\/wp\/v2\/posts\/49898\/revisions"}],"predecessor-version":[{"id":49900,"href":"https:\/\/radiojehona.mk\/index.php?rest_route=\/wp\/v2\/posts\/49898\/revisions\/49900"}],"wp:featuredmedia":[{"embeddable":true,"href":"https:\/\/radiojehona.mk\/index.php?rest_route=\/wp\/v2\/media\/49899"}],"wp:attachment":[{"href":"https:\/\/radiojehona.mk\/index.php?rest_route=%2Fwp%2Fv2%2Fmedia&parent=49898"}],"wp:term":[{"taxonomy":"category","embeddable":true,"href":"https:\/\/radiojehona.mk\/index.php?rest_route=%2Fwp%2Fv2%2Fcategories&post=49898"},{"taxonomy":"post_tag","embeddable":true,"href":"https:\/\/radiojehona.mk\/index.php?rest_route=%2Fwp%2Fv2%2Ftags&post=49898"}],"curies":[{"name":"wp","href":"https:\/\/api.w.org\/{rel}","templated":true}]}}