{"id":49895,"date":"2026-04-27T13:32:24","date_gmt":"2026-04-27T13:32:24","guid":{"rendered":"https:\/\/radiojehona.mk\/?p=49895"},"modified":"2026-04-27T13:32:24","modified_gmt":"2026-04-27T13:32:24","slug":"zhduken-3-femije-te-mitur-ne-durres-familjaret-kerkojne-ndihmen-e-policise","status":"publish","type":"post","link":"https:\/\/radiojehona.mk\/?p=49895","title":{"rendered":"Zhduken 3 f\u00ebmij\u00eb t\u00eb mitur n\u00eb Durr\u00ebs, familjar\u00ebt k\u00ebrkojn\u00eb ndihm\u00ebn e Policis\u00eb"},"content":{"rendered":"\n<figure class=\"wp-block-image size-full\"><img fetchpriority=\"high\" decoding=\"async\" width=\"900\" height=\"503\" src=\"https:\/\/radiojehona.mk\/wp-content\/uploads\/2026\/04\/auto_durresdrejtoria-715x4001773394240-1.jpg\" alt=\"\" class=\"wp-image-49896\" srcset=\"https:\/\/radiojehona.mk\/wp-content\/uploads\/2026\/04\/auto_durresdrejtoria-715x4001773394240-1.jpg 900w, https:\/\/radiojehona.mk\/wp-content\/uploads\/2026\/04\/auto_durresdrejtoria-715x4001773394240-1-300x168.jpg 300w, https:\/\/radiojehona.mk\/wp-content\/uploads\/2026\/04\/auto_durresdrejtoria-715x4001773394240-1-768x429.jpg 768w\" sizes=\"(max-width: 900px) 100vw, 900px\" \/><\/figure>\n\n\n\n<p>Tre f\u00ebmij\u00eb t\u00eb mitur jan\u00eb larguar nga banesat e tyre dhe rezultojn\u00eb t\u00eb humbur pa gjurm\u00eb.<\/p>\n\n\n\n<p>Policia e Durr\u00ebsit konfirmoi rastin dhe b\u00ebri me dije se denoncimi p\u00ebr humbjen \u00ebsht\u00eb b\u00ebr\u00eb nga familjar\u00ebt e tyre, por pa dh\u00ebn\u00eb detaje p\u00ebr dinamik\u00ebn dhe rrethanat e largimit t\u00eb adoleshent\u00ebve t\u00eb mosh\u00ebs 15-17 vje\u00e7.<\/p>\n\n\n\n<p>\u201cSpecialist\u00ebt p\u00ebr Hetimin e Krimeve t\u00eb Komisariatit t\u00eb Policis\u00eb Durr\u00ebs referuan materialet n\u00eb Prokurori, pasi kan\u00eb kall\u00ebzuar shtetaset Z. K., M. N., dhe H. L., se jan\u00eb larguar nga banesa 3 f\u00ebmij\u00ebt e tyre, t\u00eb moshave 15 dhe 17 vje\u00e7\u201d, b\u00ebri me dije policia dit\u00ebn e sotme (27 prill).<\/p>\n\n\n\n<p>Menj\u00ebher\u00eb ka nisur hetimi dhe puna p\u00ebr gjetjen e tyre n\u00ebp\u00ebrmjet kontrolleve, qelizave telefonike apo dhe rrjetit social e marrjes n\u00eb pyetje t\u00eb rrethit shoq\u00ebror.<\/p>\n","protected":false},"excerpt":{"rendered":"<p>Tre f&euml;mij&euml; t&euml; mitur jan&euml; larguar nga banesat e tyre dhe rezultojn&euml; t&euml; humbur pa gjurm&euml;. Policia e Durr&euml;sit konfirmoi rastin dhe b&euml;ri me dije se denoncimi p&euml;r humbjen &euml;sht&euml; b&euml;r&euml; nga familjar&euml;t e tyre, por pa dh&euml;n&euml; detaje p&euml;r dinamik&euml;n dhe rrethanat e largimit t&euml; adoleshent&euml;ve t&euml; mosh&euml;s 15-17 vje&ccedil;. &ldquo;Specialist&euml;t p&euml;r Hetimin e [&hellip;]<\/p>\n","protected":false},"author":2,"featured_media":49896,"comment_status":"open","ping_status":"closed","sticky":false,"template":"","format":"standard","meta":{"_monsterinsights_skip_tracking":false,"_monsterinsights_sitenote_active":false,"_monsterinsights_sitenote_note":"","_monsterinsights_sitenote_category":0,"footnotes":""},"categories":[576],"tags":[],"class_list":["post-49895","post","type-post","status-publish","format-standard","has-post-thumbnail","hentry","category-rajoni"],"_links":{"self":[{"href":"https:\/\/radiojehona.mk\/index.php?rest_route=\/wp\/v2\/posts\/49895","targetHints":{"allow":["GET"]}}],"collection":[{"href":"https:\/\/radiojehona.mk\/index.php?rest_route=\/wp\/v2\/posts"}],"about":[{"href":"https:\/\/radiojehona.mk\/index.php?rest_route=\/wp\/v2\/types\/post"}],"author":[{"embeddable":true,"href":"https:\/\/radiojehona.mk\/index.php?rest_route=\/wp\/v2\/users\/2"}],"replies":[{"embeddable":true,"href":"https:\/\/radiojehona.mk\/index.php?rest_route=%2Fwp%2Fv2%2Fcomments&post=49895"}],"version-history":[{"count":1,"href":"https:\/\/radiojehona.mk\/index.php?rest_route=\/wp\/v2\/posts\/49895\/revisions"}],"predecessor-version":[{"id":49897,"href":"https:\/\/radiojehona.mk\/index.php?rest_route=\/wp\/v2\/posts\/49895\/revisions\/49897"}],"wp:featuredmedia":[{"embeddable":true,"href":"https:\/\/radiojehona.mk\/index.php?rest_route=\/wp\/v2\/media\/49896"}],"wp:attachment":[{"href":"https:\/\/radiojehona.mk\/index.php?rest_route=%2Fwp%2Fv2%2Fmedia&parent=49895"}],"wp:term":[{"taxonomy":"category","embeddable":true,"href":"https:\/\/radiojehona.mk\/index.php?rest_route=%2Fwp%2Fv2%2Fcategories&post=49895"},{"taxonomy":"post_tag","embeddable":true,"href":"https:\/\/radiojehona.mk\/index.php?rest_route=%2Fwp%2Fv2%2Ftags&post=49895"}],"curies":[{"name":"wp","href":"https:\/\/api.w.org\/{rel}","templated":true}]}}