{"id":49887,"date":"2026-04-27T11:49:36","date_gmt":"2026-04-27T11:49:36","guid":{"rendered":"https:\/\/radiojehona.mk\/?p=49887"},"modified":"2026-04-27T11:49:37","modified_gmt":"2026-04-27T11:49:37","slug":"weitz-pa-reforma-serioze-maqedonia-e-veriut-mbetet-jashte-procesit-dhe-humb-mjetet-evropiane","status":"publish","type":"post","link":"https:\/\/radiojehona.mk\/?p=49887","title":{"rendered":"Weitz: Pa reforma serioze, Maqedonia e Veriut mbetet jasht\u00eb procesit dhe humb mjetet evropiane"},"content":{"rendered":"\n<figure class=\"wp-block-image size-full\"><img fetchpriority=\"high\" decoding=\"async\" width=\"696\" height=\"436\" src=\"https:\/\/radiojehona.mk\/wp-content\/uploads\/2026\/04\/Screenshot-2025-03-13-191331-696x436-1.png\" alt=\"\" class=\"wp-image-49888\" srcset=\"https:\/\/radiojehona.mk\/wp-content\/uploads\/2026\/04\/Screenshot-2025-03-13-191331-696x436-1.png 696w, https:\/\/radiojehona.mk\/wp-content\/uploads\/2026\/04\/Screenshot-2025-03-13-191331-696x436-1-300x188.png 300w\" sizes=\"(max-width: 696px) 100vw, 696px\" \/><\/figure>\n\n\n\n<p>Raportuesi p\u00ebr Maqedonin\u00eb e Veriut n\u00eb Parlamentin Evropian, Thomas Weitz, ka porositur se respekti i nd\u00ebrsjell\u00eb midis vendeve an\u00ebtare dhe vendeve kandidate \u00ebsht\u00eb baza e bashk\u00ebpunimit ton\u00eb n\u00eb Bashkimin Evropian. I pyetur p\u00ebr rrug\u00ebn evropiane t\u00eb shtetit ton\u00eb, Weitz n\u00eb nj\u00eb intervist\u00eb p\u00ebr \u201cEuronews Bulgaria\u201d, ka theksuar se vet\u00ebm s\u00eb bashku, ve\u00e7an\u00ebrisht n\u00eb k\u00ebto koh\u00eb gjeopolitike, vet\u00ebm s\u00eb bashku si popuj evropian\u00eb, mund t\u00eb mbrojm\u00eb m\u00ebnyr\u00ebn ton\u00eb evropiane t\u00eb jetes\u00ebs dhe vlerat tona evropiane. Ai shtoi se kjo vlen p\u00ebr t\u00eb gjitha qeverit\u00eb, p\u00ebrfshir\u00eb edhe qeverin\u00eb e Maqedonis\u00eb s\u00eb Veriut, duke v\u00ebn\u00eb n\u00eb dukje se gjat\u00eb vitit t\u00eb fundit nuk \u00ebsht\u00eb par\u00eb asnj\u00eb p\u00ebrparim dhe asnj\u00eb reform\u00eb. Sipas tij, nuk b\u00ebhet fjal\u00eb vet\u00ebm p\u00ebr fillimin e negociatave, por edhe p\u00ebr agjend\u00ebn reformuese dhe Planin e Rritjes, duke paralajm\u00ebruar se n\u00ebse vendi nuk i zbaton reformat e nevojshme, 47 milion\u00eb eurot nuk do t\u2019i takojn\u00eb asaj, por do t\u00eb shkojn\u00eb p\u00ebr vendet fqinje.<\/p>\n\n\n\n<p>Raportuesi, nd\u00ebr t\u00eb tjera, tha se reformat m\u00eb t\u00eb r\u00ebnd\u00ebsishme p\u00ebr an\u00ebtar\u00ebsim n\u00eb BE jan\u00eb ato n\u00eb fush\u00ebn e sundimit t\u00eb ligjit, luft\u00ebs kund\u00ebr korrupsionit dhe sigurimit t\u00eb sistemeve gjyq\u00ebsore t\u00eb pavarura q\u00eb garantojn\u00eb drejt\u00ebsi p\u00ebr qytetar\u00ebt dhe bizneset, gj\u00eb q\u00eb \u00ebsht\u00eb ky\u00e7e edhe p\u00ebr zhvillimin e vendit. Ai theksoi se pa nj\u00eb status t\u00eb duhur t\u00eb sundimit t\u00eb ligjit, vendi nuk do t\u00eb t\u00ebrheq\u00eb investitor\u00eb t\u00eb huaj. Duke e cil\u00ebsuar korrupsionin si nj\u00eb kancer t\u00eb shoq\u00ebrive, Weitz u shpreh se mbetet t\u00eb shihet n\u00ebse institucionet dhe autoritetet n\u00eb Maqedonin\u00eb e Veriut kan\u00eb vullnetin politik dhe hap\u00ebsir\u00ebn p\u00ebr t\u00eb vepruar, pasi p\u00ebrmir\u00ebsimet n\u00eb k\u00ebt\u00eb drejtim jan\u00eb t\u00eb domosdoshme dhe t\u00eb cekura qart\u00eb n\u00eb raport.<\/p>\n\n\n\n<p>Ai gjithashtu shprehu shpres\u00ebn se p\u00ebrparimi i Shqip\u00ebris\u00eb drejt an\u00ebtar\u00ebsimit do t\u00eb sh\u00ebrbej\u00eb si stimul p\u00ebr sken\u00ebn politike n\u00eb Maqedoni, duke v\u00ebn\u00eb re se mb\u00ebshtetja e qytetar\u00ebve p\u00ebr BE-n\u00eb po rritet sepse ata k\u00ebrkojn\u00eb siguri, zhvillim ekonomik, infrastruktur\u00eb dhe sh\u00ebndet\u00ebsi m\u00eb t\u00eb mir\u00eb. Weitz p\u00ebrfundoi se n\u00ebse Maqedonia e Veriut angazhohet seriozisht p\u00ebr reforma, ende ka nj\u00eb shans p\u00ebr t\u2019u bashkuar me grupin e Shqip\u00ebris\u00eb dhe Malit t\u00eb Zi gjat\u00eb k\u00ebtij mandati t\u00eb Parlamentit Evropian, megjith\u00ebse p\u00ebr momentin ai nuk sheh vullnet t\u00eb mjaftuesh\u00ebm politik nga qeveria, ve\u00e7an\u00ebrisht p\u00ebr pavar\u00ebsin\u00eb e gjyq\u00ebsorit, por premtoi se do t\u00eb vazhdoj\u00eb t\u00eb mb\u00ebshtes\u00eb rajonin p\u00ebr t\u00eb ecur p\u00ebrpara.<\/p>\n","protected":false},"excerpt":{"rendered":"<p>Raportuesi p&euml;r Maqedonin&euml; e Veriut n&euml; Parlamentin Evropian, Thomas Weitz, ka porositur se respekti i nd&euml;rsjell&euml; midis vendeve an&euml;tare dhe vendeve kandidate &euml;sht&euml; baza e bashk&euml;punimit ton&euml; n&euml; Bashkimin Evropian. I pyetur p&euml;r rrug&euml;n evropiane t&euml; shtetit ton&euml;, Weitz n&euml; nj&euml; intervist&euml; p&euml;r &ldquo;Euronews Bulgaria&rdquo;, ka theksuar se vet&euml;m s&euml; bashku, ve&ccedil;an&euml;risht n&euml; k&euml;to koh&euml; [&hellip;]<\/p>\n","protected":false},"author":2,"featured_media":49888,"comment_status":"open","ping_status":"closed","sticky":false,"template":"","format":"standard","meta":{"_monsterinsights_skip_tracking":false,"_monsterinsights_sitenote_active":false,"_monsterinsights_sitenote_note":"","_monsterinsights_sitenote_category":0,"footnotes":""},"categories":[1],"tags":[],"class_list":["post-49887","post","type-post","status-publish","format-standard","has-post-thumbnail","hentry","category-vendi"],"_links":{"self":[{"href":"https:\/\/radiojehona.mk\/index.php?rest_route=\/wp\/v2\/posts\/49887","targetHints":{"allow":["GET"]}}],"collection":[{"href":"https:\/\/radiojehona.mk\/index.php?rest_route=\/wp\/v2\/posts"}],"about":[{"href":"https:\/\/radiojehona.mk\/index.php?rest_route=\/wp\/v2\/types\/post"}],"author":[{"embeddable":true,"href":"https:\/\/radiojehona.mk\/index.php?rest_route=\/wp\/v2\/users\/2"}],"replies":[{"embeddable":true,"href":"https:\/\/radiojehona.mk\/index.php?rest_route=%2Fwp%2Fv2%2Fcomments&post=49887"}],"version-history":[{"count":1,"href":"https:\/\/radiojehona.mk\/index.php?rest_route=\/wp\/v2\/posts\/49887\/revisions"}],"predecessor-version":[{"id":49889,"href":"https:\/\/radiojehona.mk\/index.php?rest_route=\/wp\/v2\/posts\/49887\/revisions\/49889"}],"wp:featuredmedia":[{"embeddable":true,"href":"https:\/\/radiojehona.mk\/index.php?rest_route=\/wp\/v2\/media\/49888"}],"wp:attachment":[{"href":"https:\/\/radiojehona.mk\/index.php?rest_route=%2Fwp%2Fv2%2Fmedia&parent=49887"}],"wp:term":[{"taxonomy":"category","embeddable":true,"href":"https:\/\/radiojehona.mk\/index.php?rest_route=%2Fwp%2Fv2%2Fcategories&post=49887"},{"taxonomy":"post_tag","embeddable":true,"href":"https:\/\/radiojehona.mk\/index.php?rest_route=%2Fwp%2Fv2%2Ftags&post=49887"}],"curies":[{"name":"wp","href":"https:\/\/api.w.org\/{rel}","templated":true}]}}