{"id":49884,"date":"2026-04-27T11:48:24","date_gmt":"2026-04-27T11:48:24","guid":{"rendered":"https:\/\/radiojehona.mk\/?p=49884"},"modified":"2026-04-27T11:48:25","modified_gmt":"2026-04-27T11:48:25","slug":"pas-deklaratave-qe-tronditen-mediat-hoxha-pret-ne-takim-mexhitin","status":"publish","type":"post","link":"https:\/\/radiojehona.mk\/?p=49884","title":{"rendered":"Pas deklaratave q\u00eb trondit\u00ebn mediat: Hoxha pret n\u00eb takim Mexhitin"},"content":{"rendered":"\n<figure class=\"wp-block-image size-large\"><img fetchpriority=\"high\" decoding=\"async\" width=\"819\" height=\"1024\" src=\"https:\/\/radiojehona.mk\/wp-content\/uploads\/2026\/04\/izet-1-860x1075.jpg-819x1024.webp\" alt=\"\" class=\"wp-image-49885\" srcset=\"https:\/\/radiojehona.mk\/wp-content\/uploads\/2026\/04\/izet-1-860x1075.jpg-819x1024.webp 819w, https:\/\/radiojehona.mk\/wp-content\/uploads\/2026\/04\/izet-1-860x1075.jpg-240x300.webp 240w, https:\/\/radiojehona.mk\/wp-content\/uploads\/2026\/04\/izet-1-860x1075.jpg-768x960.webp 768w, https:\/\/radiojehona.mk\/wp-content\/uploads\/2026\/04\/izet-1-860x1075.jpg.webp 860w\" sizes=\"(max-width: 819px) 100vw, 819px\" \/><\/figure>\n\n\n\n<p>Pas deklaratave q\u00eb pushtuan mediat n\u00eb vend dhe reagimeve t\u00eb shumta, Ministri p\u00ebr Evrop\u00ebn dhe Pun\u00ebt e Jashtme t\u00eb Shqip\u00ebris\u00eb, Ferit Hoxha, ka ftuar n\u00eb nj\u00eb takim nj\u00eb nga lider\u00ebt e VLEN-it, Izet Mexhitin. Takimi do t\u00eb mbahet sot n\u00eb or\u00ebn 14:00.<br>Para tre dit\u00ebve deputet\u00ebt e Partis\u00eb Demokratike t\u00eb Shqip\u00ebris\u00eb publikuan disa fotografi \u201cscreenshot\u201d nga nj\u00eb grup n\u00eb whatsApp ku pretendohet se ambasadori i Shqip\u00ebris\u00eb n\u00eb Maqedonin\u00eb e Veriut \u2013 Denion Meidani ka d\u00ebrguar nj\u00eb lajm t\u00eb gazet\u00ebs \u201cNova Makedonija\u201d lidhur me nj\u00eb deklarat\u00eb t\u00eb kryeministrit t\u00eb Shqip\u00ebris\u00eb Edi Rama.<br>Nd\u00ebrsa pretendohet se ministri i Jasht\u00ebm i Shqip\u00ebris\u00eb, Ferit Hoxha ia ka kthyer duke th\u00ebn\u00eb: Po ata idiot\u00ebt shqiptar\u00eb atje \u00e7far\u00eb thon\u00eb?\/Alsat.mk.<\/p>\n","protected":false},"excerpt":{"rendered":"<p>Pas deklaratave q&euml; pushtuan mediat n&euml; vend dhe reagimeve t&euml; shumta, Ministri p&euml;r Evrop&euml;n dhe Pun&euml;t e Jashtme t&euml; Shqip&euml;ris&euml;, Ferit Hoxha, ka ftuar n&euml; nj&euml; takim nj&euml; nga lider&euml;t e VLEN-it, Izet Mexhitin. Takimi do t&euml; mbahet sot n&euml; or&euml;n 14:00.Para tre dit&euml;ve deputet&euml;t e Partis&euml; Demokratike t&euml; Shqip&euml;ris&euml; publikuan disa fotografi &ldquo;screenshot&rdquo; nga [&hellip;]<\/p>\n","protected":false},"author":2,"featured_media":49885,"comment_status":"open","ping_status":"closed","sticky":false,"template":"","format":"standard","meta":{"_monsterinsights_skip_tracking":false,"_monsterinsights_sitenote_active":false,"_monsterinsights_sitenote_note":"","_monsterinsights_sitenote_category":0,"footnotes":""},"categories":[1],"tags":[],"class_list":["post-49884","post","type-post","status-publish","format-standard","has-post-thumbnail","hentry","category-vendi"],"_links":{"self":[{"href":"https:\/\/radiojehona.mk\/index.php?rest_route=\/wp\/v2\/posts\/49884","targetHints":{"allow":["GET"]}}],"collection":[{"href":"https:\/\/radiojehona.mk\/index.php?rest_route=\/wp\/v2\/posts"}],"about":[{"href":"https:\/\/radiojehona.mk\/index.php?rest_route=\/wp\/v2\/types\/post"}],"author":[{"embeddable":true,"href":"https:\/\/radiojehona.mk\/index.php?rest_route=\/wp\/v2\/users\/2"}],"replies":[{"embeddable":true,"href":"https:\/\/radiojehona.mk\/index.php?rest_route=%2Fwp%2Fv2%2Fcomments&post=49884"}],"version-history":[{"count":1,"href":"https:\/\/radiojehona.mk\/index.php?rest_route=\/wp\/v2\/posts\/49884\/revisions"}],"predecessor-version":[{"id":49886,"href":"https:\/\/radiojehona.mk\/index.php?rest_route=\/wp\/v2\/posts\/49884\/revisions\/49886"}],"wp:featuredmedia":[{"embeddable":true,"href":"https:\/\/radiojehona.mk\/index.php?rest_route=\/wp\/v2\/media\/49885"}],"wp:attachment":[{"href":"https:\/\/radiojehona.mk\/index.php?rest_route=%2Fwp%2Fv2%2Fmedia&parent=49884"}],"wp:term":[{"taxonomy":"category","embeddable":true,"href":"https:\/\/radiojehona.mk\/index.php?rest_route=%2Fwp%2Fv2%2Fcategories&post=49884"},{"taxonomy":"post_tag","embeddable":true,"href":"https:\/\/radiojehona.mk\/index.php?rest_route=%2Fwp%2Fv2%2Ftags&post=49884"}],"curies":[{"name":"wp","href":"https:\/\/api.w.org\/{rel}","templated":true}]}}