{"id":49879,"date":"2026-04-27T11:46:33","date_gmt":"2026-04-27T11:46:33","guid":{"rendered":"https:\/\/radiojehona.mk\/?p=49879"},"modified":"2026-04-27T11:46:34","modified_gmt":"2026-04-27T11:46:34","slug":"bdi-nis-proceduren-per-ndryshime-kushtetuese","status":"publish","type":"post","link":"https:\/\/radiojehona.mk\/?p=49879","title":{"rendered":"BDI nis procedur\u00ebn p\u00ebr ndryshime kushtetuese"},"content":{"rendered":"\n<figure class=\"wp-block-image size-full\"><img fetchpriority=\"high\" decoding=\"async\" width=\"696\" height=\"464\" src=\"https:\/\/radiojehona.mk\/wp-content\/uploads\/2026\/04\/Untitled-design-5-696x464-1.png\" alt=\"\" class=\"wp-image-49880\" srcset=\"https:\/\/radiojehona.mk\/wp-content\/uploads\/2026\/04\/Untitled-design-5-696x464-1.png 696w, https:\/\/radiojehona.mk\/wp-content\/uploads\/2026\/04\/Untitled-design-5-696x464-1-300x200.png 300w\" sizes=\"(max-width: 696px) 100vw, 696px\" \/><\/figure>\n\n\n\n<p>BDI-ja njoftoi nisjen e procedur\u00ebs p\u00ebr mbledhjen e n\u00ebnshkrimeve p\u00ebr fillimin e ndryshimeve kushtetuese.<\/p>\n\n\n\n<p>Duke filluar nga sot \u00e7do deputet ka mund\u00ebsi t\u00eb percaktohet qart\u00eb p\u00ebr zhbllokimin e procedur\u00ebs ose p\u00ebr bllokimin e rrug\u00ebs evropiane\u201d, tha Blerim Bexheti nga Fronti Evropian.<\/p>\n","protected":false},"excerpt":{"rendered":"<p>BDI-ja njoftoi nisjen e procedur&euml;s p&euml;r mbledhjen e n&euml;nshkrimeve p&euml;r fillimin e ndryshimeve kushtetuese. Duke filluar nga sot &ccedil;do deputet ka mund&euml;si t&euml; percaktohet qart&euml; p&euml;r zhbllokimin e procedur&euml;s ose p&euml;r bllokimin e rrug&euml;s evropiane&rdquo;, tha Blerim Bexheti nga Fronti Evropian.<\/p>\n","protected":false},"author":2,"featured_media":49880,"comment_status":"open","ping_status":"closed","sticky":false,"template":"","format":"standard","meta":{"_monsterinsights_skip_tracking":false,"_monsterinsights_sitenote_active":false,"_monsterinsights_sitenote_note":"","_monsterinsights_sitenote_category":0,"footnotes":""},"categories":[1],"tags":[],"class_list":["post-49879","post","type-post","status-publish","format-standard","has-post-thumbnail","hentry","category-vendi"],"_links":{"self":[{"href":"https:\/\/radiojehona.mk\/index.php?rest_route=\/wp\/v2\/posts\/49879","targetHints":{"allow":["GET"]}}],"collection":[{"href":"https:\/\/radiojehona.mk\/index.php?rest_route=\/wp\/v2\/posts"}],"about":[{"href":"https:\/\/radiojehona.mk\/index.php?rest_route=\/wp\/v2\/types\/post"}],"author":[{"embeddable":true,"href":"https:\/\/radiojehona.mk\/index.php?rest_route=\/wp\/v2\/users\/2"}],"replies":[{"embeddable":true,"href":"https:\/\/radiojehona.mk\/index.php?rest_route=%2Fwp%2Fv2%2Fcomments&post=49879"}],"version-history":[{"count":1,"href":"https:\/\/radiojehona.mk\/index.php?rest_route=\/wp\/v2\/posts\/49879\/revisions"}],"predecessor-version":[{"id":49881,"href":"https:\/\/radiojehona.mk\/index.php?rest_route=\/wp\/v2\/posts\/49879\/revisions\/49881"}],"wp:featuredmedia":[{"embeddable":true,"href":"https:\/\/radiojehona.mk\/index.php?rest_route=\/wp\/v2\/media\/49880"}],"wp:attachment":[{"href":"https:\/\/radiojehona.mk\/index.php?rest_route=%2Fwp%2Fv2%2Fmedia&parent=49879"}],"wp:term":[{"taxonomy":"category","embeddable":true,"href":"https:\/\/radiojehona.mk\/index.php?rest_route=%2Fwp%2Fv2%2Fcategories&post=49879"},{"taxonomy":"post_tag","embeddable":true,"href":"https:\/\/radiojehona.mk\/index.php?rest_route=%2Fwp%2Fv2%2Ftags&post=49879"}],"curies":[{"name":"wp","href":"https:\/\/api.w.org\/{rel}","templated":true}]}}