{"id":49873,"date":"2026-04-27T11:41:54","date_gmt":"2026-04-27T11:41:54","guid":{"rendered":"https:\/\/radiojehona.mk\/?p=49873"},"modified":"2026-04-27T11:41:55","modified_gmt":"2026-04-27T11:41:55","slug":"dhune-ne-familje-ne-tetove-gruaja-largohet-nga-shtepia-me-tre-femijet","status":"publish","type":"post","link":"https:\/\/radiojehona.mk\/?p=49873","title":{"rendered":"Dhun\u00eb n\u00eb familje n\u00eb Tetov\u00eb, gruaja largohet nga sht\u00ebpia me tre f\u00ebmij\u00ebt"},"content":{"rendered":"\n<figure class=\"wp-block-image size-full\"><img fetchpriority=\"high\" decoding=\"async\" width=\"696\" height=\"374\" src=\"https:\/\/radiojehona.mk\/wp-content\/uploads\/2026\/04\/SPB-Tetove-696x374-3.png\" alt=\"\" class=\"wp-image-49874\" srcset=\"https:\/\/radiojehona.mk\/wp-content\/uploads\/2026\/04\/SPB-Tetove-696x374-3.png 696w, https:\/\/radiojehona.mk\/wp-content\/uploads\/2026\/04\/SPB-Tetove-696x374-3-300x161.png 300w\" sizes=\"(max-width: 696px) 100vw, 696px\" \/><\/figure>\n\n\n\n<p>Nj\u00eb 31-vje\u00e7are ka denoncuar bashk\u00ebshortin e saj A.A. (35) p\u00ebr k\u00ebrc\u00ebnime t\u00eb vazhdueshme. P\u00ebr shkak t\u00eb pasiguris\u00eb, ajo \u00ebsht\u00eb detyruar t\u00eb largohet nga banesa s\u00eb bashku me tre f\u00ebmij\u00ebt e saj t\u00eb mitur. Policia po punon p\u00ebr zbardhjen e rastit.<\/p>\n","protected":false},"excerpt":{"rendered":"<p>Nj&euml; 31-vje&ccedil;are ka denoncuar bashk&euml;shortin e saj A.A. (35) p&euml;r k&euml;rc&euml;nime t&euml; vazhdueshme. P&euml;r shkak t&euml; pasiguris&euml;, ajo &euml;sht&euml; detyruar t&euml; largohet nga banesa s&euml; bashku me tre f&euml;mij&euml;t e saj t&euml; mitur. Policia po punon p&euml;r zbardhjen e rastit.<\/p>\n","protected":false},"author":2,"featured_media":49874,"comment_status":"open","ping_status":"closed","sticky":false,"template":"","format":"standard","meta":{"_monsterinsights_skip_tracking":false,"_monsterinsights_sitenote_active":false,"_monsterinsights_sitenote_note":"","_monsterinsights_sitenote_category":0,"footnotes":""},"categories":[1],"tags":[],"class_list":["post-49873","post","type-post","status-publish","format-standard","has-post-thumbnail","hentry","category-vendi"],"_links":{"self":[{"href":"https:\/\/radiojehona.mk\/index.php?rest_route=\/wp\/v2\/posts\/49873","targetHints":{"allow":["GET"]}}],"collection":[{"href":"https:\/\/radiojehona.mk\/index.php?rest_route=\/wp\/v2\/posts"}],"about":[{"href":"https:\/\/radiojehona.mk\/index.php?rest_route=\/wp\/v2\/types\/post"}],"author":[{"embeddable":true,"href":"https:\/\/radiojehona.mk\/index.php?rest_route=\/wp\/v2\/users\/2"}],"replies":[{"embeddable":true,"href":"https:\/\/radiojehona.mk\/index.php?rest_route=%2Fwp%2Fv2%2Fcomments&post=49873"}],"version-history":[{"count":1,"href":"https:\/\/radiojehona.mk\/index.php?rest_route=\/wp\/v2\/posts\/49873\/revisions"}],"predecessor-version":[{"id":49875,"href":"https:\/\/radiojehona.mk\/index.php?rest_route=\/wp\/v2\/posts\/49873\/revisions\/49875"}],"wp:featuredmedia":[{"embeddable":true,"href":"https:\/\/radiojehona.mk\/index.php?rest_route=\/wp\/v2\/media\/49874"}],"wp:attachment":[{"href":"https:\/\/radiojehona.mk\/index.php?rest_route=%2Fwp%2Fv2%2Fmedia&parent=49873"}],"wp:term":[{"taxonomy":"category","embeddable":true,"href":"https:\/\/radiojehona.mk\/index.php?rest_route=%2Fwp%2Fv2%2Fcategories&post=49873"},{"taxonomy":"post_tag","embeddable":true,"href":"https:\/\/radiojehona.mk\/index.php?rest_route=%2Fwp%2Fv2%2Ftags&post=49873"}],"curies":[{"name":"wp","href":"https:\/\/api.w.org\/{rel}","templated":true}]}}