{"id":49870,"date":"2026-04-27T11:40:49","date_gmt":"2026-04-27T11:40:49","guid":{"rendered":"https:\/\/radiojehona.mk\/?p=49870"},"modified":"2026-04-27T11:40:50","modified_gmt":"2026-04-27T11:40:50","slug":"gjermania-don-tia-mare-bullgarise-te-drejten-e-vetos-per-maqedonine","status":"publish","type":"post","link":"https:\/\/radiojehona.mk\/?p=49870","title":{"rendered":"Gjermania don t\u2019ia mar\u00eb Bullgaris\u00eb t\u00eb drejt\u00ebn e \u201cvetos\u201d p\u00ebr Maqedonin\u00eb"},"content":{"rendered":"\n<figure class=\"wp-block-image size-full\"><img fetchpriority=\"high\" decoding=\"async\" width=\"1024\" height=\"686\" src=\"https:\/\/radiojehona.mk\/wp-content\/uploads\/2026\/04\/Germany-flag-1024x686-1.jpg\" alt=\"\" class=\"wp-image-49871\" srcset=\"https:\/\/radiojehona.mk\/wp-content\/uploads\/2026\/04\/Germany-flag-1024x686-1.jpg 1024w, https:\/\/radiojehona.mk\/wp-content\/uploads\/2026\/04\/Germany-flag-1024x686-1-300x201.jpg 300w, https:\/\/radiojehona.mk\/wp-content\/uploads\/2026\/04\/Germany-flag-1024x686-1-768x515.jpg 768w\" sizes=\"(max-width: 1024px) 100vw, 1024px\" \/><\/figure>\n\n\n\n<p>Gjermania, n\u00ebp\u00ebrmjet Ministrit t\u00eb saj t\u00eb Jasht\u00ebm Johann Waddeful, ka b\u00ebr\u00eb thirrje p\u00ebr heqjen e parimit t\u00eb unanimitetit n\u00eb BE n\u00eb fush\u00ebn e politik\u00ebs s\u00eb jashtme dhe parimit t\u00eb \u201cSiguris\u00eb\u201d dhe z\u00ebvend\u00ebsimin e tij me votimin me shumic\u00eb. Prandaj, ekziston shqet\u00ebsim midis disa publik\u00ebve bullgar\u00eb p\u00ebr heqjen e unitetit n\u00eb vendime.<\/p>\n\n\n\n<p>\u201cKy lloj votimi do ta ndryshoj\u00eb kategorikisht dhe n\u00eb m\u00ebnyr\u00eb dramatike situat\u00ebn. Do t\u00eb shkel\u00eb kategorikisht t\u00eb drejtat e nj\u00eb vendi si Bullgaria n\u00eb vendet q\u00eb kan\u00eb nj\u00eb popullsi dhe territor m\u00eb t\u00eb madh\u201d, tha ish-eurodeputeti kontrovers dhe an\u00ebtari i OBRM-BND, Angel Xhambaski.<\/p>\n\n\n\n<p>Xhambaski, n\u00eb nj\u00eb deklarat\u00eb p\u00ebr mediat bullgare, dha shembullin se Gjermania ka 90 p\u00ebrfaq\u00ebsues n\u00eb Parlamentin Evropian, nd\u00ebrsa Bullgaria \u2013 17. Me nj\u00eb shumic\u00eb t\u00eb thjesht\u00eb votash, gjith\u00e7ka q\u00eb d\u00ebshiron Gjermania do t\u00eb ndodh\u00eb, tha politikani bullgar, duke shtuar \u201cata nuk do t\u00eb na marrin parasysh, dhe shembulli \u00ebsht\u00eb Maqedonia e Veriut\u201d.<\/p>\n\n\n\n<p>\u201cN\u00ebse Gjermania nuk d\u00ebshiron t\u00eb na marr\u00eb parasysh, q\u00eb RMV t\u00eb b\u00ebhet pjes\u00eb e BE-s\u00eb, pa na marr\u00eb parasysh ne dhe interesat e k\u00ebtyre njer\u00ebzve atje, do ta marr\u00eb k\u00ebt\u00eb. At\u00ebher\u00eb t\u00eb drejtat e bashkatdhetar\u00ebve tan\u00eb do t\u00eb shkelen n\u00eb m\u00ebnyr\u00eb drastike dhe dramatike\u201d, tha Xhambaski.<\/p>\n\n\n\n<p>Ai shtoi se ndryshimi i parimit t\u00eb unanimitetit nuk \u00ebsht\u00eb kategorikisht n\u00eb interesin tyre, dhe thot\u00eb se nuk duhet t\u00eb lejohet.<\/p>\n","protected":false},"excerpt":{"rendered":"<p>Gjermania, n&euml;p&euml;rmjet Ministrit t&euml; saj t&euml; Jasht&euml;m Johann Waddeful, ka b&euml;r&euml; thirrje p&euml;r heqjen e parimit t&euml; unanimitetit n&euml; BE n&euml; fush&euml;n e politik&euml;s s&euml; jashtme dhe parimit t&euml; &ldquo;Siguris&euml;&rdquo; dhe z&euml;vend&euml;simin e tij me votimin me shumic&euml;. Prandaj, ekziston shqet&euml;sim midis disa publik&euml;ve bullgar&euml; p&euml;r heqjen e unitetit n&euml; vendime. &ldquo;Ky lloj votimi do [&hellip;]<\/p>\n","protected":false},"author":2,"featured_media":49871,"comment_status":"open","ping_status":"closed","sticky":false,"template":"","format":"standard","meta":{"_monsterinsights_skip_tracking":false,"_monsterinsights_sitenote_active":false,"_monsterinsights_sitenote_note":"","_monsterinsights_sitenote_category":0,"footnotes":""},"categories":[576],"tags":[],"class_list":["post-49870","post","type-post","status-publish","format-standard","has-post-thumbnail","hentry","category-rajoni"],"_links":{"self":[{"href":"https:\/\/radiojehona.mk\/index.php?rest_route=\/wp\/v2\/posts\/49870","targetHints":{"allow":["GET"]}}],"collection":[{"href":"https:\/\/radiojehona.mk\/index.php?rest_route=\/wp\/v2\/posts"}],"about":[{"href":"https:\/\/radiojehona.mk\/index.php?rest_route=\/wp\/v2\/types\/post"}],"author":[{"embeddable":true,"href":"https:\/\/radiojehona.mk\/index.php?rest_route=\/wp\/v2\/users\/2"}],"replies":[{"embeddable":true,"href":"https:\/\/radiojehona.mk\/index.php?rest_route=%2Fwp%2Fv2%2Fcomments&post=49870"}],"version-history":[{"count":1,"href":"https:\/\/radiojehona.mk\/index.php?rest_route=\/wp\/v2\/posts\/49870\/revisions"}],"predecessor-version":[{"id":49872,"href":"https:\/\/radiojehona.mk\/index.php?rest_route=\/wp\/v2\/posts\/49870\/revisions\/49872"}],"wp:featuredmedia":[{"embeddable":true,"href":"https:\/\/radiojehona.mk\/index.php?rest_route=\/wp\/v2\/media\/49871"}],"wp:attachment":[{"href":"https:\/\/radiojehona.mk\/index.php?rest_route=%2Fwp%2Fv2%2Fmedia&parent=49870"}],"wp:term":[{"taxonomy":"category","embeddable":true,"href":"https:\/\/radiojehona.mk\/index.php?rest_route=%2Fwp%2Fv2%2Fcategories&post=49870"},{"taxonomy":"post_tag","embeddable":true,"href":"https:\/\/radiojehona.mk\/index.php?rest_route=%2Fwp%2Fv2%2Ftags&post=49870"}],"curies":[{"name":"wp","href":"https:\/\/api.w.org\/{rel}","templated":true}]}}