{"id":49867,"date":"2026-04-26T20:21:33","date_gmt":"2026-04-26T20:21:33","guid":{"rendered":"https:\/\/radiojehona.mk\/?p=49867"},"modified":"2026-04-26T20:21:34","modified_gmt":"2026-04-26T20:21:34","slug":"dortmundi-perforcohet-ne-vendin-e-dyte","status":"publish","type":"post","link":"https:\/\/radiojehona.mk\/?p=49867","title":{"rendered":"Dortmundi p\u00ebrforcohet n\u00eb vendin e dyt\u00eb"},"content":{"rendered":"\n<figure class=\"wp-block-image size-full\"><img fetchpriority=\"high\" decoding=\"async\" width=\"860\" height=\"550\" src=\"https:\/\/radiojehona.mk\/wp-content\/uploads\/2026\/04\/74f6a3ca-88fc-4312-a6b9-aa9708e6c135.jpg\" alt=\"\" class=\"wp-image-49868\" srcset=\"https:\/\/radiojehona.mk\/wp-content\/uploads\/2026\/04\/74f6a3ca-88fc-4312-a6b9-aa9708e6c135.jpg 860w, https:\/\/radiojehona.mk\/wp-content\/uploads\/2026\/04\/74f6a3ca-88fc-4312-a6b9-aa9708e6c135-300x192.jpg 300w, https:\/\/radiojehona.mk\/wp-content\/uploads\/2026\/04\/74f6a3ca-88fc-4312-a6b9-aa9708e6c135-768x491.jpg 768w\" sizes=\"(max-width: 860px) 100vw, 860px\" \/><\/figure>\n\n\n\n<p>Borussia e Dortmundit ka siguruar matematikisht pjes\u00ebmarrjen n\u00eb UEFA Champions League p\u00ebr sezonin e 11-t\u00eb radhazi, pas nj\u00eb fitoreje bind\u00ebse 4-0 ndaj Freiburgut n\u00eb Bundeslig\u00eb.<\/p>\n\n\n\n<p>Skuadra vendase e nisi ndeshjen n\u00eb m\u00ebnyr\u00eb perfekte dhe zhbllokoi shifrat q\u00eb n\u00eb minut\u00ebn e 8-t\u00eb. Maximilian Beier p\u00ebrfitoi nga nj\u00eb pasim i gjat\u00eb i Ramy Bensebaini-t dhe e d\u00ebrgoi topin n\u00eb rrjet\u00eb p\u00ebr 1-0.<\/p>\n\n\n\n<p>Presioni i Dortmundit vazhdoi dhe rezultati u dyfishua me nj\u00eb aksion t\u00eb rrjedhsh\u00ebm, ku Julian Brandt asistoi p\u00ebr Serhou Guirassy, i cili sh\u00ebnoi nga af\u00ebrsia p\u00ebr 2-0. Para pushimit, vendasit thelluan avantazhin, kur s\u00ebrish Bensebaini sh\u00ebnoi me kok\u00eb pas nj\u00eb goditjeje nga k\u00ebndi, duke e mbyllur praktikisht ndeshjen.<\/p>\n\n\n\n<p>N\u00eb pjes\u00ebn e dyt\u00eb, Freiburg provoi t\u00eb reagonte dhe gjeti nj\u00eb gol me Lukas K\u00fcbler, por ai u anulua p\u00ebr pozicion jasht\u00eb loje pas nd\u00ebrhyrjes s\u00eb VAR-it. Miqt\u00eb nuk arrit\u00ebn t\u00eb krijonin rrezik t\u00eb q\u00ebndruesh\u00ebm, nd\u00ebrsa Dortmundi menaxhoi qet\u00ebsisht avantazhin.<\/p>\n\n\n\n<p>N\u00eb fund, skuadra e drejtuar nga Niko Kova\u010d vulosi fitoren me golin e kat\u00ebrt t\u00eb sh\u00ebnuar nga F\u00e1bio Silva, duke e kthyer rezultatin n\u00eb nj\u00eb 4-0 t\u00eb past\u00ebr.<\/p>\n\n\n\n<p>Me k\u00ebt\u00eb sukses, Dortmund siguron edhe nj\u00eb her\u00eb vendin n\u00eb elit\u00ebn e futbollit evropian, nd\u00ebrsa Freiburgu sheh t\u2019i komplikohet gara p\u00ebr objektivat europian\u00eb, megjith\u00ebse ende ka shpresa p\u00ebrmes UEFA Europa League.<\/p>\n","protected":false},"excerpt":{"rendered":"<p>Borussia e Dortmundit ka siguruar matematikisht pjes&euml;marrjen n&euml; UEFA Champions League p&euml;r sezonin e 11-t&euml; radhazi, pas nj&euml; fitoreje bind&euml;se 4-0 ndaj Freiburgut n&euml; Bundeslig&euml;. Skuadra vendase e nisi ndeshjen n&euml; m&euml;nyr&euml; perfekte dhe zhbllokoi shifrat q&euml; n&euml; minut&euml;n e 8-t&euml;. Maximilian Beier p&euml;rfitoi nga nj&euml; pasim i gjat&euml; i Ramy Bensebaini-t dhe e d&euml;rgoi [&hellip;]<\/p>\n","protected":false},"author":2,"featured_media":49868,"comment_status":"open","ping_status":"closed","sticky":false,"template":"","format":"standard","meta":{"_monsterinsights_skip_tracking":false,"_monsterinsights_sitenote_active":false,"_monsterinsights_sitenote_note":"","_monsterinsights_sitenote_category":0,"footnotes":""},"categories":[578],"tags":[],"class_list":["post-49867","post","type-post","status-publish","format-standard","has-post-thumbnail","hentry","category-sport"],"_links":{"self":[{"href":"https:\/\/radiojehona.mk\/index.php?rest_route=\/wp\/v2\/posts\/49867","targetHints":{"allow":["GET"]}}],"collection":[{"href":"https:\/\/radiojehona.mk\/index.php?rest_route=\/wp\/v2\/posts"}],"about":[{"href":"https:\/\/radiojehona.mk\/index.php?rest_route=\/wp\/v2\/types\/post"}],"author":[{"embeddable":true,"href":"https:\/\/radiojehona.mk\/index.php?rest_route=\/wp\/v2\/users\/2"}],"replies":[{"embeddable":true,"href":"https:\/\/radiojehona.mk\/index.php?rest_route=%2Fwp%2Fv2%2Fcomments&post=49867"}],"version-history":[{"count":1,"href":"https:\/\/radiojehona.mk\/index.php?rest_route=\/wp\/v2\/posts\/49867\/revisions"}],"predecessor-version":[{"id":49869,"href":"https:\/\/radiojehona.mk\/index.php?rest_route=\/wp\/v2\/posts\/49867\/revisions\/49869"}],"wp:featuredmedia":[{"embeddable":true,"href":"https:\/\/radiojehona.mk\/index.php?rest_route=\/wp\/v2\/media\/49868"}],"wp:attachment":[{"href":"https:\/\/radiojehona.mk\/index.php?rest_route=%2Fwp%2Fv2%2Fmedia&parent=49867"}],"wp:term":[{"taxonomy":"category","embeddable":true,"href":"https:\/\/radiojehona.mk\/index.php?rest_route=%2Fwp%2Fv2%2Fcategories&post=49867"},{"taxonomy":"post_tag","embeddable":true,"href":"https:\/\/radiojehona.mk\/index.php?rest_route=%2Fwp%2Fv2%2Ftags&post=49867"}],"curies":[{"name":"wp","href":"https:\/\/api.w.org\/{rel}","templated":true}]}}