{"id":49864,"date":"2026-04-26T20:11:59","date_gmt":"2026-04-26T20:11:59","guid":{"rendered":"https:\/\/radiojehona.mk\/?p=49864"},"modified":"2026-04-26T20:11:59","modified_gmt":"2026-04-26T20:11:59","slug":"bleona-qereti-pjese-e-darkes-se-shtepise-se-bardhe-ku-u-qellua-me-arme-kengetarja-shqiptare-ndan-pamje","status":"publish","type":"post","link":"https:\/\/radiojehona.mk\/?p=49864","title":{"rendered":"Bleona Qereti pjes\u00eb e dark\u00ebs s\u00eb Sht\u00ebpis\u00eb s\u00eb Bardh\u00eb ku u q\u00ebllua me arm\u00eb, k\u00ebng\u00ebtarja shqiptare ndan pamje"},"content":{"rendered":"\n<figure class=\"wp-block-image size-large\"><img fetchpriority=\"high\" decoding=\"async\" width=\"770\" height=\"1024\" src=\"https:\/\/radiojehona.mk\/wp-content\/uploads\/2026\/04\/auto_Untitled123411777215993-770x1024.jpg\" alt=\"\" class=\"wp-image-49865\" srcset=\"https:\/\/radiojehona.mk\/wp-content\/uploads\/2026\/04\/auto_Untitled123411777215993-770x1024.jpg 770w, https:\/\/radiojehona.mk\/wp-content\/uploads\/2026\/04\/auto_Untitled123411777215993-225x300.jpg 225w, https:\/\/radiojehona.mk\/wp-content\/uploads\/2026\/04\/auto_Untitled123411777215993-768x1022.jpg 768w, https:\/\/radiojehona.mk\/wp-content\/uploads\/2026\/04\/auto_Untitled123411777215993.jpg 850w\" sizes=\"(max-width: 770px) 100vw, 770px\" \/><\/figure>\n\n\n\n<p>K\u00ebng\u00ebtarja dhe aktorja shqiptare Bleona Qereti, e cila prej vitesh jeton n\u00eb Shtetet e Bashkuara t\u00eb Amerik\u00ebs, ka qen\u00eb pjes\u00eb e nj\u00eb prej ngjarjeve m\u00eb t\u00eb komentuara t\u00eb or\u00ebve t\u00eb fundit n\u00eb Uashington, Dark\u00ebs s\u00eb Korrespondent\u00ebve t\u00eb Sht\u00ebpis\u00eb s\u00eb Bardh\u00eb, ku dhe ndodhi nj\u00eb sulm me arm\u00eb zjarri.<\/p>\n\n\n\n<figure class=\"wp-block-image\"><img decoding=\"async\" src=\"https:\/\/www.syri.net\/uploads\/syri.net\/images\/2026\/April\/26\/auto_31777227516.png\" alt=\"Image\"\/><\/figure>\n\n\n\n<p>Bleona ka ndar\u00eb me ndjek\u00ebsit e saj n\u00eb Instagram nj\u00eb fotografi nga mbr\u00ebmja e kaluar, ku shfaqet mjaft elegante n\u00eb tapetin e kuq, p\u00ebrpara sfondit zyrtar t\u00eb \u201cWhite House Correspondents\u2019 Association\u201d.<\/p>\n\n\n\n<figure class=\"wp-block-image\"><img decoding=\"async\" src=\"https:\/\/www.syri.net\/uploads\/syri.net\/images\/2026\/April\/26\/auto_11777227519.jpg\" alt=\"Image\"\/><\/figure>\n\n\n\n<p>Ajo kishte zgjedhur nj\u00eb fustan t\u00eb zi, me prerje asimetrike n\u00eb pjes\u00ebn e sip\u00ebrme dhe m\u00ebng\u00eb t\u00eb theksuar n\u00eb nj\u00ebr\u00ebn an\u00eb, nd\u00ebrsa pamjen e kompletoi me flok\u00eb t\u00eb kapur lart dhe vath\u00eb t\u00eb gjat\u00eb q\u00eb i shtonin m\u00eb shum\u00eb hijeshi paraqitjes.<\/p>\n\n\n\n<p>\u201cPushtet, politik\u00eb dhe rrobaqep\u00ebsi precize. Darka e mbr\u00ebmshme e Korrespondent\u00ebve t\u00eb Sht\u00ebpis\u00eb s\u00eb Bardh\u00eb (tani do t\u00eb riplanifikohet)\u201d,&nbsp;ka shkruar ajo.<\/p>\n\n\n\n<figure class=\"wp-block-image\"><img decoding=\"async\" src=\"https:\/\/www.syri.net\/uploads\/syri.net\/images\/2026\/April\/26\/auto_21777227521.png\" alt=\"Image\"\/><\/figure>\n","protected":false},"excerpt":{"rendered":"<p>K&euml;ng&euml;tarja dhe aktorja shqiptare Bleona Qereti, e cila prej vitesh jeton n&euml; Shtetet e Bashkuara t&euml; Amerik&euml;s, ka qen&euml; pjes&euml; e nj&euml; prej ngjarjeve m&euml; t&euml; komentuara t&euml; or&euml;ve t&euml; fundit n&euml; Uashington, Dark&euml;s s&euml; Korrespondent&euml;ve t&euml; Sht&euml;pis&euml; s&euml; Bardh&euml;, ku dhe ndodhi nj&euml; sulm me arm&euml; zjarri. Bleona ka ndar&euml; me ndjek&euml;sit e saj [&hellip;]<\/p>\n","protected":false},"author":2,"featured_media":49865,"comment_status":"open","ping_status":"closed","sticky":false,"template":"","format":"standard","meta":{"_monsterinsights_skip_tracking":false,"_monsterinsights_sitenote_active":false,"_monsterinsights_sitenote_note":"","_monsterinsights_sitenote_category":0,"footnotes":""},"categories":[7],"tags":[],"class_list":["post-49864","post","type-post","status-publish","format-standard","has-post-thumbnail","hentry","category-showbizz"],"_links":{"self":[{"href":"https:\/\/radiojehona.mk\/index.php?rest_route=\/wp\/v2\/posts\/49864","targetHints":{"allow":["GET"]}}],"collection":[{"href":"https:\/\/radiojehona.mk\/index.php?rest_route=\/wp\/v2\/posts"}],"about":[{"href":"https:\/\/radiojehona.mk\/index.php?rest_route=\/wp\/v2\/types\/post"}],"author":[{"embeddable":true,"href":"https:\/\/radiojehona.mk\/index.php?rest_route=\/wp\/v2\/users\/2"}],"replies":[{"embeddable":true,"href":"https:\/\/radiojehona.mk\/index.php?rest_route=%2Fwp%2Fv2%2Fcomments&post=49864"}],"version-history":[{"count":1,"href":"https:\/\/radiojehona.mk\/index.php?rest_route=\/wp\/v2\/posts\/49864\/revisions"}],"predecessor-version":[{"id":49866,"href":"https:\/\/radiojehona.mk\/index.php?rest_route=\/wp\/v2\/posts\/49864\/revisions\/49866"}],"wp:featuredmedia":[{"embeddable":true,"href":"https:\/\/radiojehona.mk\/index.php?rest_route=\/wp\/v2\/media\/49865"}],"wp:attachment":[{"href":"https:\/\/radiojehona.mk\/index.php?rest_route=%2Fwp%2Fv2%2Fmedia&parent=49864"}],"wp:term":[{"taxonomy":"category","embeddable":true,"href":"https:\/\/radiojehona.mk\/index.php?rest_route=%2Fwp%2Fv2%2Fcategories&post=49864"},{"taxonomy":"post_tag","embeddable":true,"href":"https:\/\/radiojehona.mk\/index.php?rest_route=%2Fwp%2Fv2%2Ftags&post=49864"}],"curies":[{"name":"wp","href":"https:\/\/api.w.org\/{rel}","templated":true}]}}