{"id":49861,"date":"2026-04-26T18:38:04","date_gmt":"2026-04-26T18:38:04","guid":{"rendered":"https:\/\/radiojehona.mk\/?p=49861"},"modified":"2026-04-26T18:38:05","modified_gmt":"2026-04-26T18:38:05","slug":"murtezani-nga-vlen-i-kunderpergjigjet-bdi-se-ju-keni-qene-zedhenes-te-gruevskit","status":"publish","type":"post","link":"https:\/\/radiojehona.mk\/?p=49861","title":{"rendered":"Murtezani nga VLEN i kund\u00ebrp\u00ebrgjigjet BDI-s\u00eb: Ju keni qen\u00eb \u201cz\u00ebdh\u00ebn\u00ebs\u201d t\u00eb Gruevskit"},"content":{"rendered":"\n<figure class=\"wp-block-image size-full\"><img fetchpriority=\"high\" decoding=\"async\" width=\"696\" height=\"566\" src=\"https:\/\/radiojehona.mk\/wp-content\/uploads\/2026\/04\/Hasim-Murtezani-1-696x566-1.jpeg\" alt=\"\" class=\"wp-image-49862\" srcset=\"https:\/\/radiojehona.mk\/wp-content\/uploads\/2026\/04\/Hasim-Murtezani-1-696x566-1.jpeg 696w, https:\/\/radiojehona.mk\/wp-content\/uploads\/2026\/04\/Hasim-Murtezani-1-696x566-1-300x244.jpeg 300w\" sizes=\"(max-width: 696px) 100vw, 696px\" \/><\/figure>\n\n\n\n<p>Z\u00ebvend\u00ebssekretari i Qeveris\u00eb nga VLEN, Hasim Murtezani, ka reaguar ndaj akuzave t\u00eb BDI, duke i cil\u00ebsuar si propagand\u00eb pretendimet se VLEN \u00ebsht\u00eb \u201cz\u00ebdh\u00ebn\u00ebs i VMRO-s\u00eb\u201d.<\/p>\n\n\n\n<p>N\u00eb nj\u00eb postim publik, Murtezani ka rikujtuar se lideri i BDI-s\u00eb, Ali Ahmeti, gjat\u00eb bashk\u00ebqeverisjes me Nikola Gruevski, ka dal\u00eb n\u00eb mbrojtje t\u00eb tij n\u00eb disa raste.<\/p>\n\n\n\n<p>\u201cPo ju rikujtojm\u00eb vet\u00ebm nj\u00eb nga dhjetra prononcimet e liderit t\u00eb BDI-s\u00eb duke e mbrojtur dhe duke u shnd\u00ebrruar n\u00eb \u2018avokat\u2019 t\u00eb partnerit t\u00eb tij t\u00eb koalicionit, Nikolla Gruevski, me t\u00eb cilin ka qeverisur 11 vite n\u00eb pushtet\u201d, ka shkruar Murtezani.<\/p>\n\n\n\n<p>Ai shton se pik\u00ebrisht kjo p\u00ebrb\u00ebn shembullin m\u00eb t\u00eb qart\u00eb t\u00eb asaj q\u00eb, sipas tij, n\u00ebnkupton t\u00eb jesh \u201cz\u00ebdh\u00ebn\u00ebs\u201d i nj\u00eb figure politike, duke akuzuar BDI-n\u00eb p\u00ebr standarde t\u00eb dyfishta n\u00eb diskursin politik.\/aktuale.mk\/<\/p>\n\n\n\n<p><\/p>\n","protected":false},"excerpt":{"rendered":"<p>Z&euml;vend&euml;ssekretari i Qeveris&euml; nga VLEN, Hasim Murtezani, ka reaguar ndaj akuzave t&euml; BDI, duke i cil&euml;suar si propagand&euml; pretendimet se VLEN &euml;sht&euml; &ldquo;z&euml;dh&euml;n&euml;s i VMRO-s&euml;&rdquo;. N&euml; nj&euml; postim publik, Murtezani ka rikujtuar se lideri i BDI-s&euml;, Ali Ahmeti, gjat&euml; bashk&euml;qeverisjes me Nikola Gruevski, ka dal&euml; n&euml; mbrojtje t&euml; tij n&euml; disa raste. &ldquo;Po ju rikujtojm&euml; [&hellip;]<\/p>\n","protected":false},"author":2,"featured_media":49862,"comment_status":"open","ping_status":"closed","sticky":false,"template":"","format":"standard","meta":{"_monsterinsights_skip_tracking":false,"_monsterinsights_sitenote_active":false,"_monsterinsights_sitenote_note":"","_monsterinsights_sitenote_category":0,"footnotes":""},"categories":[1],"tags":[],"class_list":["post-49861","post","type-post","status-publish","format-standard","has-post-thumbnail","hentry","category-vendi"],"_links":{"self":[{"href":"https:\/\/radiojehona.mk\/index.php?rest_route=\/wp\/v2\/posts\/49861","targetHints":{"allow":["GET"]}}],"collection":[{"href":"https:\/\/radiojehona.mk\/index.php?rest_route=\/wp\/v2\/posts"}],"about":[{"href":"https:\/\/radiojehona.mk\/index.php?rest_route=\/wp\/v2\/types\/post"}],"author":[{"embeddable":true,"href":"https:\/\/radiojehona.mk\/index.php?rest_route=\/wp\/v2\/users\/2"}],"replies":[{"embeddable":true,"href":"https:\/\/radiojehona.mk\/index.php?rest_route=%2Fwp%2Fv2%2Fcomments&post=49861"}],"version-history":[{"count":1,"href":"https:\/\/radiojehona.mk\/index.php?rest_route=\/wp\/v2\/posts\/49861\/revisions"}],"predecessor-version":[{"id":49863,"href":"https:\/\/radiojehona.mk\/index.php?rest_route=\/wp\/v2\/posts\/49861\/revisions\/49863"}],"wp:featuredmedia":[{"embeddable":true,"href":"https:\/\/radiojehona.mk\/index.php?rest_route=\/wp\/v2\/media\/49862"}],"wp:attachment":[{"href":"https:\/\/radiojehona.mk\/index.php?rest_route=%2Fwp%2Fv2%2Fmedia&parent=49861"}],"wp:term":[{"taxonomy":"category","embeddable":true,"href":"https:\/\/radiojehona.mk\/index.php?rest_route=%2Fwp%2Fv2%2Fcategories&post=49861"},{"taxonomy":"post_tag","embeddable":true,"href":"https:\/\/radiojehona.mk\/index.php?rest_route=%2Fwp%2Fv2%2Ftags&post=49861"}],"curies":[{"name":"wp","href":"https:\/\/api.w.org\/{rel}","templated":true}]}}