{"id":49858,"date":"2026-04-26T18:36:02","date_gmt":"2026-04-26T18:36:02","guid":{"rendered":"https:\/\/radiojehona.mk\/?p=49858"},"modified":"2026-04-26T18:36:02","modified_gmt":"2026-04-26T18:36:02","slug":"probleme-financiare-rreth-ndertimit-te-gjimnazit-te-kumanoves","status":"publish","type":"post","link":"https:\/\/radiojehona.mk\/?p=49858","title":{"rendered":"Probleme financiare rreth nd\u00ebrtimit t\u00eb gjimnazit t\u00eb Kumanov\u00ebs"},"content":{"rendered":"\n<figure class=\"wp-block-image size-full\"><img fetchpriority=\"high\" decoding=\"async\" width=\"696\" height=\"392\" src=\"https:\/\/radiojehona.mk\/wp-content\/uploads\/2026\/04\/inbound1053261262860907015-696x392-1.jpg\" alt=\"\" class=\"wp-image-49859\" srcset=\"https:\/\/radiojehona.mk\/wp-content\/uploads\/2026\/04\/inbound1053261262860907015-696x392-1.jpg 696w, https:\/\/radiojehona.mk\/wp-content\/uploads\/2026\/04\/inbound1053261262860907015-696x392-1-300x169.jpg 300w\" sizes=\"(max-width: 696px) 100vw, 696px\" \/><\/figure>\n\n\n\n<p>\u2013 \u201cPavar\u00ebsisht nd\u00ebrtimit, duket se gjenerata 2026\\27 nuk do t\u00eb ket\u00eb mund\u00ebsi t\u00eb filloj\u00eb vitin shkollor n\u00eb bankat e reja. Jemi n\u00eb Kumanov\u00eb n\u00eb gjimnazin \u201cSami Frash\u00ebri\u201d nga ku shihet q\u00eb ende po punohet, por me rit\u00ebm t\u00eb ngadalsh\u00ebm\u201d.<\/p>\n\n\n\n<p>N\u00eb vitin 2022, Qeveria e Maqedonis\u00eb s\u00eb Veriut mori vendim p\u00ebr nd\u00ebrtimin e objektit t\u00eb ri t\u00eb Gjimnazit \u201cSami Frash\u00ebri\u201d n\u00eb Kumanov\u00eb, nd\u00ebrsa m\u00eb 27 maj 2023 filluan zyrtarisht punimet, t\u00eb cilat fillimisht u parashikuan t\u00eb zgjasin deri n\u00eb vitin 2025. Megjithat\u00eb, edhe n\u00eb vitin 2026, nd\u00ebrtimi i k\u00ebtij objekti ende nuk ka p\u00ebrfunduar, nd\u00ebrsa nx\u00ebn\u00ebsit vazhdojn\u00eb m\u00ebsimin n\u00eb kushte t\u00eb v\u00ebshtira, dhe ekziston rreziku q\u00eb edhe gjenerata 2026\/27 t\u00eb mos e filloj\u00eb vitin e ri shkollor n\u00eb objektin e ri, pavar\u00ebsisht pritjeve t\u00eb gjata dhe premtimeve q\u00eb zgjasin prej vitesh.<\/p>\n\n\n\n<p>N\u00eb lidhje me k\u00ebt\u00eb proces drejtori i Gjimnazit \u201cSami Frash\u00ebri\u201d n\u00eb Kumanov\u00eb, Nagri Rexhepi, thot\u00eb se objekti i ri i shkoll\u00ebs \u00ebsht\u00eb n\u00eb faz\u00ebn p\u00ebrfundimtare t\u00eb punimeve, por q\u00eb detaje duhet t\u00eb jap\u00eb komuna si themelues i shkoll\u00ebs dhe MASH si kontraktues me kompanin\u00eb e nd\u00ebrtimit. Sipas tij, aktualisht po punohet n\u00eb detajet teknike dhe rregullimin e brendsh\u00ebm t\u00eb hap\u00ebsirave.<\/p>\n\n\n\n<p>\u201cAktualisht punohet n\u00eb detajet teknike dhe rregullimin e brendsh\u00ebm t\u00eb hap\u00ebsirave. Ka mund\u00ebsi q\u00eb nx\u00ebn\u00ebsit ta nisin vitin e ri shkollor n\u00eb objektin e ri, n\u00ebse punimet dhe t\u00eb gjitha proceset p\u00ebrmbyllen me koh\u00eb. Nuk ka pengesa t\u00eb q\u00ebllimshme, neglizhenc\u00eb apo ndonj\u00eb obstruksion. Procesi k\u00ebrkon koordinim mes institucioneve dhe kompanis\u00eb nd\u00ebrtuese. Pjesa tjet\u00ebr varet nga puna e kompanive q\u00eb po punojn\u00eb n\u00eb nd\u00ebrtimin e objektit. Ne presim me optimiz\u00ebm dhe jemi t\u00eb p\u00ebrkushtuar q\u00eb nx\u00ebn\u00ebsit t\u00eb hyjn\u00eb sa m\u00eb par\u00eb n\u00eb nd\u00ebrtes\u00ebn e re\u201d.<\/p>\n\n\n\n<p>Nd\u00ebrkaq, z\u00ebvend\u00ebsministri n\u00eb Ministrin\u00eb e Arsimit dhe Shkenc\u00ebs, Driton Sulejmani, thot\u00eb se punimet n\u00eb gjimnazin \u201cSami Frash\u00ebri\u201d po vazhdojn\u00eb intensivisht, por se jan\u00eb shfaqur disa shpenzime t\u00eb paparashikuara q\u00eb po k\u00ebrkojn\u00eb zgjidhje p\u00ebrmes ribalancit t\u00eb buxhetit. Ai shprehet se synimi \u00ebsht\u00eb q\u00eb nx\u00ebn\u00ebsit ta fillojn\u00eb vitin e ri shkollor n\u00eb objektin e ri n\u00eb shtator, nd\u00ebrsa n\u00eb rast vonesash mund t\u00eb ket\u00eb shtyrje deri n\u00eb gjysm\u00ebvjetorin e dyt\u00eb. Sulejmani thekson se projekti po realizohet n\u00eb bashk\u00ebpunim mes Ministris\u00eb dhe Komun\u00ebs s\u00eb Kumanov\u00ebs, me angazhim maksimal nga t\u00eb gjitha pal\u00ebt.<\/p>\n\n\n\n<p>\u201cJan\u00eb duke u zhvilluar punimet p\u00ebr momentin n\u00eb objektin e gjimnazit \u201cSami Frash\u00ebri\u201d, punimet po zhvillohen n\u00eb m\u00ebnyr\u00eb intensive dhe pa nd\u00ebrprerje, sipas informatave q\u00eb kam, p\u00ebr arsye se ka vet\u00ebm nj\u00eb muaj q\u00eb jam n\u00eb k\u00ebt\u00eb funksion, ka disa shpenzime t\u00eb paparashikuara t\u00eb cilat kan\u00eb dal\u00eb tash p\u00ebr momentin, dhe po mundohemi q\u00eb t\u00eb gjejm\u00eb nj\u00eb zgjidhje q\u00eb n\u00eb periudh\u00ebn ku do t\u00eb kemi ribalans t\u00eb buxhetit, ti sigurojm\u00eb edhe ato mjete. Mundet t\u00eb ndodh\u00eb q\u00eb p\u00ebr arsye teknike dhe p\u00ebr arsye t\u00eb problemeve financiare me t\u00eb cilat po p\u00ebrballemi, q\u00eb eventualisht viti i ri nx\u00ebn\u00ebsit ta fillojn\u00eb maksimumi n\u00eb gjysm\u00ebvjetorin e dyt\u00eb, mir\u00ebpo angazhimi jon\u00eb \u00ebsht\u00eb q\u00eb ta mbajm\u00eb fjal\u00ebn dhe t\u00eb filloj\u00eb m\u00ebsimi n\u00eb shtator dhe po japim maksimumin q\u00eb kjo edhe realisht t\u00eb ndodh\u00eb\u201d.<\/p>\n\n\n\n<p>Nd\u00ebrkaq, k\u00ebshilltari komunal, Huzeir Mustafi, deklaroi se procesi ka nisur pas nj\u00eb marr\u00ebveshjeje politike dhe punimeve p\u00ebr dokumentacion e financim, por sipas tij, tani ka munges\u00eb vullneti p\u00ebr p\u00ebrfundimin e projektit, pavar\u00ebsisht se ka mbetur shum\u00eb pak pun\u00eb.<\/p>\n\n\n\n<p>\u201cDilemat e tona jan\u00eb, o ka munges\u00eb t\u00eb vullnetit t\u00eb Qeveris\u00eb s\u00eb re, gj\u00eb q\u00eb \u00ebsht\u00eb shum\u00eb normale sepse kjo, duke analizuar subjektin politik q\u00eb udh\u00ebheq me shtetin VMRO-DPMNE-n\u00eb, gjithmon\u00eb kur b\u00ebhen tema q\u00eb kan\u00eb t\u00eb b\u00ebjn\u00eb me shqiptar\u00ebt ka qen\u00eb m\u00eb e rezervuar, ose ndoshta ndoshta, kalkulojn\u00eb p\u00ebr ndonj\u00eb vit zgjedhor t\u00eb mundsh\u00ebm q\u00eb t\u00eb b\u00ebhet objekti gati dhe pastaj ta l\u00ebshojn\u00eb n\u00eb p\u00ebrdorim n\u00eb ndonj\u00eb kampanj\u00eb zgjedhore, t\u00eb dyja rastet do t\u00eb ishte fatkeq\u00ebsi, sepse luajn\u00eb me fatin e familjeve, luajn\u00eb me fatin e nx\u00ebn\u00ebsve\u201d.<\/p>\n\n\n\n<p>Pavar\u00ebsisht pritjeve dhe vonesave, objekti i ri i Gjimnazit \u201cSami Frash\u00ebri\u201d n\u00eb Kumanov\u00eb ende nuk \u00ebsht\u00eb p\u00ebrfunduar. Institucionet shprehin optimiz\u00ebm p\u00ebr p\u00ebrmbylljen e shpejt\u00eb t\u00eb punimeve, nd\u00ebrsa mbetet p\u00ebr t\u2019u par\u00eb n\u00ebse afatet e paralajm\u00ebruara do t\u00eb respektohen dhe kur p\u00ebrfundimisht ky projekt do t\u00eb marr\u00eb fund, duke u dh\u00ebn\u00eb nx\u00ebn\u00ebsve kushtet e premtuara prej koh\u00ebsh.\/Zhurnal.mk\/<\/p>\n","protected":false},"excerpt":{"rendered":"<p>&ndash; &ldquo;Pavar&euml;sisht nd&euml;rtimit, duket se gjenerata 2026\\27 nuk do t&euml; ket&euml; mund&euml;si t&euml; filloj&euml; vitin shkollor n&euml; bankat e reja. Jemi n&euml; Kumanov&euml; n&euml; gjimnazin &ldquo;Sami Frash&euml;ri&rdquo; nga ku shihet q&euml; ende po punohet, por me rit&euml;m t&euml; ngadalsh&euml;m&rdquo;. N&euml; vitin 2022, Qeveria e Maqedonis&euml; s&euml; Veriut mori vendim p&euml;r nd&euml;rtimin e objektit t&euml; ri [&hellip;]<\/p>\n","protected":false},"author":2,"featured_media":49859,"comment_status":"open","ping_status":"closed","sticky":false,"template":"","format":"standard","meta":{"_monsterinsights_skip_tracking":false,"_monsterinsights_sitenote_active":false,"_monsterinsights_sitenote_note":"","_monsterinsights_sitenote_category":0,"footnotes":""},"categories":[1],"tags":[],"class_list":["post-49858","post","type-post","status-publish","format-standard","has-post-thumbnail","hentry","category-vendi"],"_links":{"self":[{"href":"https:\/\/radiojehona.mk\/index.php?rest_route=\/wp\/v2\/posts\/49858","targetHints":{"allow":["GET"]}}],"collection":[{"href":"https:\/\/radiojehona.mk\/index.php?rest_route=\/wp\/v2\/posts"}],"about":[{"href":"https:\/\/radiojehona.mk\/index.php?rest_route=\/wp\/v2\/types\/post"}],"author":[{"embeddable":true,"href":"https:\/\/radiojehona.mk\/index.php?rest_route=\/wp\/v2\/users\/2"}],"replies":[{"embeddable":true,"href":"https:\/\/radiojehona.mk\/index.php?rest_route=%2Fwp%2Fv2%2Fcomments&post=49858"}],"version-history":[{"count":1,"href":"https:\/\/radiojehona.mk\/index.php?rest_route=\/wp\/v2\/posts\/49858\/revisions"}],"predecessor-version":[{"id":49860,"href":"https:\/\/radiojehona.mk\/index.php?rest_route=\/wp\/v2\/posts\/49858\/revisions\/49860"}],"wp:featuredmedia":[{"embeddable":true,"href":"https:\/\/radiojehona.mk\/index.php?rest_route=\/wp\/v2\/media\/49859"}],"wp:attachment":[{"href":"https:\/\/radiojehona.mk\/index.php?rest_route=%2Fwp%2Fv2%2Fmedia&parent=49858"}],"wp:term":[{"taxonomy":"category","embeddable":true,"href":"https:\/\/radiojehona.mk\/index.php?rest_route=%2Fwp%2Fv2%2Fcategories&post=49858"},{"taxonomy":"post_tag","embeddable":true,"href":"https:\/\/radiojehona.mk\/index.php?rest_route=%2Fwp%2Fv2%2Ftags&post=49858"}],"curies":[{"name":"wp","href":"https:\/\/api.w.org\/{rel}","templated":true}]}}