{"id":49855,"date":"2026-04-26T18:34:09","date_gmt":"2026-04-26T18:34:09","guid":{"rendered":"https:\/\/radiojehona.mk\/?p=49855"},"modified":"2026-04-26T18:34:09","modified_gmt":"2026-04-26T18:34:09","slug":"do-te-blihen-te-pakten-5-lokomotiva-te-reja","status":"publish","type":"post","link":"https:\/\/radiojehona.mk\/?p=49855","title":{"rendered":"Do t\u00eb blihen t\u00eb pakt\u00ebn 5 lokomotiva t\u00eb reja"},"content":{"rendered":"\n<figure class=\"wp-block-image size-full\"><img fetchpriority=\"high\" decoding=\"async\" width=\"696\" height=\"464\" src=\"https:\/\/radiojehona.mk\/wp-content\/uploads\/2026\/04\/NIKO-696x464-1.webp\" alt=\"\" class=\"wp-image-49856\" srcset=\"https:\/\/radiojehona.mk\/wp-content\/uploads\/2026\/04\/NIKO-696x464-1.webp 696w, https:\/\/radiojehona.mk\/wp-content\/uploads\/2026\/04\/NIKO-696x464-1-300x200.webp 300w\" sizes=\"(max-width: 696px) 100vw, 696px\" \/><\/figure>\n\n\n\n<p>-Hekurudha e Maqedonis\u00eb-Transport ka n\u00ebnshkruar marr\u00ebveshje me BERZH p\u00ebr t\u00eb pakt\u00ebn pes\u00eb lokomotiva t\u00eb reja t\u00eb mallrave, nd\u00ebrsa po punojm\u00eb edhe me Bank\u00ebn Bot\u00ebrore p\u00ebr furnizimin me trena t\u00eb rinj. K\u00ebtyre u shtohet edhe projekti p\u00ebr Trenin Urban, ku linja e par\u00eb do t\u00eb filloj\u00eb t\u00eb funksionoj\u00eb m\u00eb 1 shtator, si dhe prokurimi i autobus\u00ebve t\u00eb rinj elektrik\u00eb, deklaroi z\u00ebvend\u00ebskryeministri Nikolloski.<\/p>\n\n\n\n<p>Nikolloski theksoi se ky \u00ebsht\u00eb \u201cnj\u00eb nga projektet m\u00eb t\u00eb r\u00ebnd\u00ebsishme q\u00eb po e realizojm\u00eb, edhe pse nuk \u00ebsht\u00eb i madh n\u00eb p\u00ebrmasa\u201d.<\/p>\n\n\n\n<p>\u201cS\u00eb pari, do t\u00eb ndihmoj\u00eb shum\u00eb n\u00eb uljen e ndotjes n\u00eb Shkup, s\u00eb dyti, do t\u00eb ndryshoj\u00eb sistemin e jetes\u00ebs n\u00eb vendbanimet periferike dhe s\u00eb treti, do t\u00eb sjell\u00eb nj\u00eb kultur\u00eb t\u00eb p\u00ebrdorimit m\u00eb t\u00eb vog\u00ebl t\u00eb makinave dhe m\u00eb shum\u00eb t\u00eb trenit. Dhe m\u00eb e r\u00ebnd\u00ebsishmja \u2013 k\u00ebto jan\u00eb projekte q\u00eb i kan\u00eb qytetet m\u00eb t\u00eb m\u00ebdha evropiane. Ne po e shfryt\u00ebzojm\u00eb me zgjuarsi infrastruktur\u00ebn ekzistuese q\u00eb e kemi, vet\u00ebm po e p\u00ebrmir\u00ebsojm\u00eb. Tashm\u00eb jemi n\u00eb faz\u00eb t\u00eb avancuar t\u00eb linj\u00ebs q\u00eb shkon nga Zelenikova \u2013 Dra\u00e7ev\u00eb \u2013 Lisic\u00eb \u2013 Kisela Voda \u2013 Aerodrom deri te Stacioni i ri hekurudhor i Shkupit. Duhet t\u00eb p\u00ebrfundoj\u00eb deri n\u00eb fund t\u00eb qershorit, n\u00eb m\u00ebnyr\u00eb q\u00eb nga 1 shtatori t\u00eb funksionoj\u00eb kjo linj\u00eb\u201d, deklaroi Nikolloski p\u00ebr Kurir.<\/p>\n\n\n\n<p>Paralelisht me k\u00ebt\u00eb, shton z\u00ebvend\u00ebskryeministri, po punohet n\u00eb projektim me Fakultetin e Nd\u00ebrtimtaris\u00eb dhe n\u00eb gjysm\u00ebn e dyt\u00eb t\u00eb k\u00ebtij viti do t\u00eb shpallet tender edhe p\u00ebr dy linjat e tjera \u2013 nga Stacioni i ri hekurudhor p\u00ebrmes Butelit \u2013 Shkup Veri deri n\u00eb Gjor\u00e7e Petrov, dhe linja tjet\u00ebr nga Stacioni i ri hekurudhor p\u00ebrmes Autokomand\u00ebs \u2013 Maxhari dhe p\u00ebrfundon n\u00eb Ilinden.<\/p>\n\n\n\n<p>\u201cPres q\u00eb ato t\u00eb p\u00ebrfundojn\u00eb n\u00eb fund t\u00eb vitit 2027, fillim t\u00eb vitit 2028. N\u00ebse k\u00ebsaj i shtojm\u00eb se k\u00ebt\u00eb vjesht\u00eb Shkupi do t\u00eb marr\u00eb 100 autobus\u00eb elektrik\u00eb, kjo do t\u00eb thot\u00eb shum\u00eb n\u00eb uljen e ndotjes n\u00eb qytet\u201d, deklaroi Nikolloski.<\/p>\n","protected":false},"excerpt":{"rendered":"<p>-Hekurudha e Maqedonis&euml;-Transport ka n&euml;nshkruar marr&euml;veshje me BERZH p&euml;r t&euml; pakt&euml;n pes&euml; lokomotiva t&euml; reja t&euml; mallrave, nd&euml;rsa po punojm&euml; edhe me Bank&euml;n Bot&euml;rore p&euml;r furnizimin me trena t&euml; rinj. K&euml;tyre u shtohet edhe projekti p&euml;r Trenin Urban, ku linja e par&euml; do t&euml; filloj&euml; t&euml; funksionoj&euml; m&euml; 1 shtator, si dhe prokurimi i autobus&euml;ve [&hellip;]<\/p>\n","protected":false},"author":2,"featured_media":49856,"comment_status":"open","ping_status":"closed","sticky":false,"template":"","format":"standard","meta":{"_monsterinsights_skip_tracking":false,"_monsterinsights_sitenote_active":false,"_monsterinsights_sitenote_note":"","_monsterinsights_sitenote_category":0,"footnotes":""},"categories":[1],"tags":[],"class_list":["post-49855","post","type-post","status-publish","format-standard","has-post-thumbnail","hentry","category-vendi"],"_links":{"self":[{"href":"https:\/\/radiojehona.mk\/index.php?rest_route=\/wp\/v2\/posts\/49855","targetHints":{"allow":["GET"]}}],"collection":[{"href":"https:\/\/radiojehona.mk\/index.php?rest_route=\/wp\/v2\/posts"}],"about":[{"href":"https:\/\/radiojehona.mk\/index.php?rest_route=\/wp\/v2\/types\/post"}],"author":[{"embeddable":true,"href":"https:\/\/radiojehona.mk\/index.php?rest_route=\/wp\/v2\/users\/2"}],"replies":[{"embeddable":true,"href":"https:\/\/radiojehona.mk\/index.php?rest_route=%2Fwp%2Fv2%2Fcomments&post=49855"}],"version-history":[{"count":1,"href":"https:\/\/radiojehona.mk\/index.php?rest_route=\/wp\/v2\/posts\/49855\/revisions"}],"predecessor-version":[{"id":49857,"href":"https:\/\/radiojehona.mk\/index.php?rest_route=\/wp\/v2\/posts\/49855\/revisions\/49857"}],"wp:featuredmedia":[{"embeddable":true,"href":"https:\/\/radiojehona.mk\/index.php?rest_route=\/wp\/v2\/media\/49856"}],"wp:attachment":[{"href":"https:\/\/radiojehona.mk\/index.php?rest_route=%2Fwp%2Fv2%2Fmedia&parent=49855"}],"wp:term":[{"taxonomy":"category","embeddable":true,"href":"https:\/\/radiojehona.mk\/index.php?rest_route=%2Fwp%2Fv2%2Fcategories&post=49855"},{"taxonomy":"post_tag","embeddable":true,"href":"https:\/\/radiojehona.mk\/index.php?rest_route=%2Fwp%2Fv2%2Ftags&post=49855"}],"curies":[{"name":"wp","href":"https:\/\/api.w.org\/{rel}","templated":true}]}}