{"id":49851,"date":"2026-04-26T18:23:25","date_gmt":"2026-04-26T18:23:25","guid":{"rendered":"https:\/\/radiojehona.mk\/?p=49851"},"modified":"2026-04-26T18:23:25","modified_gmt":"2026-04-26T18:23:25","slug":"gropat-ne-autostraden-shkup-kumanove-rrezikojne-jeten-e-qytetareve","status":"publish","type":"post","link":"https:\/\/radiojehona.mk\/?p=49851","title":{"rendered":"Gropat n\u00eb autostrad\u00ebn Shkup-Kumanov\u00eb rrezikojn\u00eb jet\u00ebn e qytetar\u00ebve"},"content":{"rendered":"\n<figure class=\"wp-block-image size-full\"><img fetchpriority=\"high\" decoding=\"async\" width=\"820\" height=\"472\" src=\"https:\/\/radiojehona.mk\/wp-content\/uploads\/2026\/04\/inbound587352610098177946-1.png\" alt=\"\" class=\"wp-image-49853\" srcset=\"https:\/\/radiojehona.mk\/wp-content\/uploads\/2026\/04\/inbound587352610098177946-1.png 820w, https:\/\/radiojehona.mk\/wp-content\/uploads\/2026\/04\/inbound587352610098177946-1-300x173.png 300w, https:\/\/radiojehona.mk\/wp-content\/uploads\/2026\/04\/inbound587352610098177946-1-768x442.png 768w\" sizes=\"(max-width: 820px) 100vw, 820px\" \/><\/figure>\n\n\n\n<p>\u201cKy aks rrugor, drejt Kumanov\u00ebs p\u00ebrdoret \u00e7do dit\u00eb nga qindra qytetar\u00eb, por gropat e shumta po e b\u00ebjn\u00eb udh\u00ebtimin e tyre m\u00eb t\u00eb v\u00ebshtir\u00eb dhe m\u00eb t\u00eb pasigurt\u00eb\u201d.<\/p>\n\n\n\n<p>Autostrada drejt Kumanov\u00ebs \u00ebsht\u00eb nj\u00eb nga rrug\u00ebt m\u00eb t\u00eb frekuentuara n\u00eb vend. Por n\u00eb vend t\u00eb nj\u00eb udh\u00ebtimi t\u00eb sigurt dhe t\u00eb qet\u00eb, shofer\u00ebt \u00e7do dit\u00eb p\u00ebrballen me gropa t\u00eb shumta q\u00eb jo vet\u00ebm d\u00ebmtojn\u00eb automjetet, por rrezikojn\u00eb edhe sigurin\u00eb n\u00eb komunikacion. Gjithashtu, kjo autostrad\u00eb po i detyron shofer\u00ebt t\u00eb shmangin gropat m\u00eb shum\u00eb sesa t\u00eb p\u00ebrqendrohen te vozitja.<\/p>\n\n\n\n<p>\u201cPo rrall\u00eb, gjithmon\u00eb, po varet tani edhe si vozit shoferi, n\u00ebse \u00e7on ngadal\u00eb, ngadal\u00eb, nuk mundet me ndodh\u00eb n\u00ebse \u00e7on sikur se \u00e7ojn\u00eb do, ajo katastrof\u00eb \u00ebsht\u00eb.\u201d<\/p>\n\n\n\n<p>\u201cPo kalojm\u00eb varet, po sigurisht ky \u00ebsht\u00eb nj\u00eb problem shum\u00eb i madh, Sigurisht q\u00eb po normal, po duhet nd\u00ebrmarr\u00eb hapa, normal p\u00ebr me rregullu se shkakton incidente, shpejt\u00ebsin\u00eb duhet me kontrollu .\u201d<\/p>\n\n\n\n<p>Sipas qytetar\u00ebve, kjo situat\u00eb po ndikon negativisht te shofer\u00ebt, sepse mund t\u00eb rrezikoj\u00eb dhe jet\u00ebn e tyre.<\/p>\n\n\n\n<p>\u201cPo nj\u00eb her\u00eb, dy her\u00eb, ma tep\u00ebr varet se tash taksist\u00ebt shikojn\u00eb llogarin\u00eb e vet\u00eb, del ndonj\u00eb l\u00ebverdi edhe rrug\u00ebt jan\u00eb t\u00eb d\u00ebmtuara, po si jo, punon dy muj patjeter me t\u00eb ardh\u00eb ndonj\u00eb defekt, sigurisht shum\u00eb, edhe t\u00eb udh\u00ebtar\u00ebve, edhe t\u00eb shofer\u00ebve, por rrug\u00ebt duhet t\u00eb jen\u00eb me standarte t\u00eb mira.\u201d<\/p>\n\n\n\n<p>\u201cBon vaki kat\u00ebr her\u00eb, shkoj vi, shkoj vi shum\u00eb, shum\u00eb e rrezikon, plas guma, shkon prapton i myt njer\u00ebzit \u00e7ka duhet me marr\u00eb masa, tash e kam regjistruar vetur\u00ebn 300 euro m\u2019i mor\u00ebn, e ku jan\u00eb ato pare.\u201d<\/p>\n\n\n\n<p>Qytetar\u00ebt, vazhdojn\u00eb t\u00eb shprehin shqet\u00ebsim p\u00ebr d\u00ebmtimin e autostrad\u00ebs, duke th\u00ebn\u00eb se kjo gjendje po u shkakton defekte t\u00eb shpeshta automjeteve dhe po rrezikon sigurin\u00eb e pjes\u00ebmarr\u00ebsve n\u00eb komunikacion.<\/p>\n","protected":false},"excerpt":{"rendered":"<p>&ldquo;Ky aks rrugor, drejt Kumanov&euml;s p&euml;rdoret &ccedil;do dit&euml; nga qindra qytetar&euml;, por gropat e shumta po e b&euml;jn&euml; udh&euml;timin e tyre m&euml; t&euml; v&euml;shtir&euml; dhe m&euml; t&euml; pasigurt&euml;&rdquo;. Autostrada drejt Kumanov&euml;s &euml;sht&euml; nj&euml; nga rrug&euml;t m&euml; t&euml; frekuentuara n&euml; vend. Por n&euml; vend t&euml; nj&euml; udh&euml;timi t&euml; sigurt dhe t&euml; qet&euml;, shofer&euml;t &ccedil;do dit&euml; p&euml;rballen [&hellip;]<\/p>\n","protected":false},"author":2,"featured_media":49853,"comment_status":"open","ping_status":"closed","sticky":false,"template":"","format":"standard","meta":{"_monsterinsights_skip_tracking":false,"_monsterinsights_sitenote_active":false,"_monsterinsights_sitenote_note":"","_monsterinsights_sitenote_category":0,"footnotes":""},"categories":[1],"tags":[],"class_list":["post-49851","post","type-post","status-publish","format-standard","has-post-thumbnail","hentry","category-vendi"],"_links":{"self":[{"href":"https:\/\/radiojehona.mk\/index.php?rest_route=\/wp\/v2\/posts\/49851","targetHints":{"allow":["GET"]}}],"collection":[{"href":"https:\/\/radiojehona.mk\/index.php?rest_route=\/wp\/v2\/posts"}],"about":[{"href":"https:\/\/radiojehona.mk\/index.php?rest_route=\/wp\/v2\/types\/post"}],"author":[{"embeddable":true,"href":"https:\/\/radiojehona.mk\/index.php?rest_route=\/wp\/v2\/users\/2"}],"replies":[{"embeddable":true,"href":"https:\/\/radiojehona.mk\/index.php?rest_route=%2Fwp%2Fv2%2Fcomments&post=49851"}],"version-history":[{"count":1,"href":"https:\/\/radiojehona.mk\/index.php?rest_route=\/wp\/v2\/posts\/49851\/revisions"}],"predecessor-version":[{"id":49854,"href":"https:\/\/radiojehona.mk\/index.php?rest_route=\/wp\/v2\/posts\/49851\/revisions\/49854"}],"wp:featuredmedia":[{"embeddable":true,"href":"https:\/\/radiojehona.mk\/index.php?rest_route=\/wp\/v2\/media\/49853"}],"wp:attachment":[{"href":"https:\/\/radiojehona.mk\/index.php?rest_route=%2Fwp%2Fv2%2Fmedia&parent=49851"}],"wp:term":[{"taxonomy":"category","embeddable":true,"href":"https:\/\/radiojehona.mk\/index.php?rest_route=%2Fwp%2Fv2%2Fcategories&post=49851"},{"taxonomy":"post_tag","embeddable":true,"href":"https:\/\/radiojehona.mk\/index.php?rest_route=%2Fwp%2Fv2%2Ftags&post=49851"}],"curies":[{"name":"wp","href":"https:\/\/api.w.org\/{rel}","templated":true}]}}