{"id":49841,"date":"2026-04-26T18:19:02","date_gmt":"2026-04-26T18:19:02","guid":{"rendered":"https:\/\/radiojehona.mk\/?p=49841"},"modified":"2026-04-26T18:19:02","modified_gmt":"2026-04-26T18:19:02","slug":"filipce-qeveria-po-bllokon-integrimin-ne-be","status":"publish","type":"post","link":"https:\/\/radiojehona.mk\/?p=49841","title":{"rendered":"Filip\u00e7e: Qeveria po bllokon integrimin n\u00eb BE"},"content":{"rendered":"\n<figure class=\"wp-block-image size-full\"><img fetchpriority=\"high\" decoding=\"async\" width=\"850\" height=\"478\" src=\"https:\/\/radiojehona.mk\/wp-content\/uploads\/2026\/04\/auto_Untitled123411777219822.jpg\" alt=\"\" class=\"wp-image-49842\" srcset=\"https:\/\/radiojehona.mk\/wp-content\/uploads\/2026\/04\/auto_Untitled123411777219822.jpg 850w, https:\/\/radiojehona.mk\/wp-content\/uploads\/2026\/04\/auto_Untitled123411777219822-300x169.jpg 300w, https:\/\/radiojehona.mk\/wp-content\/uploads\/2026\/04\/auto_Untitled123411777219822-768x432.jpg 768w, https:\/\/radiojehona.mk\/wp-content\/uploads\/2026\/04\/auto_Untitled123411777219822-800x450.jpg 800w\" sizes=\"(max-width: 850px) 100vw, 850px\" \/><\/figure>\n\n\n\n<p>Kreu i socialdemokrat\u00ebve, Venko Filip\u00e7e akuzon se pushteti q\u00ebllimisht po bllokon integrimin e vendit n\u00eb Bashkimin Evropian. Gjat\u00eb debatit p\u00ebr rolin e Kuvendit n\u00eb drejtim t\u00eb an\u00ebtar\u00ebsimit n\u00eb BE, Filip\u00e7e tha se, deklarata e kryeministrit se mund t\u00eb presim me dekada p\u00ebr an\u00ebtar\u00ebsim, tregon qart\u00eb munges\u00ebn e vullnetit t\u00eb k\u00ebsaj qeverie. Filip\u00e7e tha se p\u00ebr fat t\u00eb keq e v\u00ebrteta \u00ebsht\u00eb d\u00ebshp\u00ebruese dhe qytetar\u00ebt nuk duhet t\u00eb presin rezultate nga Hristijan Mickoski.<\/p>\n\n\n\n<p>\u201cP\u00ebr fat t\u00eb keq, e v\u00ebrteta \u00ebsht\u00eb d\u00ebshp\u00ebruese. Mos prisni asgj\u00eb nga rruga evropiane. Thjesht asgj\u00eb. K\u00ebt\u00eb nuk e them un\u00eb, por e thot\u00eb kryeministri Hristijan Micskoski. Ai thot\u00eb se n\u00ebse duhet do t\u00eb presim me dekada p\u00ebr Evrop\u00ebn. \u00c7far\u00eb mund t\u00eb presim pas nj\u00eb deklarate kaq eksplicite n\u00eb opinion se kjo qeveri nuk do t\u00eb b\u00ebj\u00eb asnj\u00eb hap drejt Evrop\u00ebs\u2026Gjat\u00eb vitit 2022 duhej t\u00eb miratoheshin 10 ligje n\u00eb fush\u00ebn e drejt\u00ebsis\u00eb. Vet\u00ebm nj\u00eb u miratua. Dhe ai me zbatimin e pjessh\u00ebm t\u00eb udh\u00ebzimeve nga misioni vler\u00ebsues i Bashkimit Evropian\u201d \u2013 Venko Filip\u00e7e, LSDM.<\/p>\n\n\n\n<p>Filip\u00e7e tha se Kuvendi \u00ebsht\u00eb i kufizuar n\u00eb veprime, pasi Qeveria nuk e \u00e7on p\u00ebrpara agjend\u00ebn reformuese.<\/p>\n\n\n\n<p>\u201c\u00c7far\u00eb mund t\u00eb b\u00ebj\u00eb Kuvendi kur Qeveria nuk prodhon asgj\u00eb dhe nuk d\u00ebrgon asnj\u00eb ligj n\u00eb Kuvend? Pas zjarrit n\u00eb Ko\u00e7an, un\u00eb isha te kryeministri, ofrova pun\u00eb t\u00eb p\u00ebrbashk\u00ebt p\u00ebr agjend\u00ebn reformuese, formuam nj\u00eb grup pune, nga Ministria e Drejt\u00ebsis\u00eb u d\u00ebrguan ligjet\u2026 Askush nuk ju p\u00ebrgjigj mendimeve q\u00eb i d\u00ebrguam n\u00eb Ministrin\u00eb e Drejt\u00ebsis\u00eb\u201d \u2013 Venko Filip\u00e7e, LSDM<\/p>\n\n\n\n<p>Nd\u00ebrkoh\u00eb VMRO-DPMNE-ja akuzon pushtetin e kaluar p\u00ebr ngecjen n\u00eb drejtim t\u00eb integrimit.<\/p>\n\n\n\n<p>\u201cStrategjia e pushtetit t\u00eb kaluar na ka sjell\u00eb n\u00eb qorrsokak, na ka thelluar shum\u00eb dhe tani kjo Qeveri po b\u00ebn p\u00ebrpjekje q\u00eb t\u2019i rregulloj\u00eb d\u00ebmet q\u00eb na jan\u00eb b\u00ebr\u00eb. Ne si Qeveri do t\u00eb vazhdojm\u00eb t\u00eb gjejm\u00eb zgjidhje dhe m\u00ebnyra se si t\u2019i \u00e7ojm\u00eb para ligjet q\u00eb jan\u00eb pjes\u00eb e agjend\u00ebs reformuese. Do t\u00eb vazhdojm\u00eb t\u00eb punojm\u00eb n\u00eb agjend\u00ebn reformuese,\u201d tha Eli Panova, VMRO-DPMNE.<\/p>\n\n\n\n<p>Panova tha se po mundohen q\u00eb ta bindim opozit\u00ebn q\u00eb t\u00eb bashkohet n\u00eb vendosm\u00ebrin\u00eb p\u00ebr ndryshimet kushtetuese, p\u00ebr shkak se si\u00e7 tha ajo \u00e7\u00ebshtjet dypal\u00ebshe nuk guxojn\u00eb ta pengojn\u00eb rrug\u00ebn drejt Bashkimit Evropian. \/Alsat.mk<\/p>\n","protected":false},"excerpt":{"rendered":"<p>Kreu i socialdemokrat&euml;ve, Venko Filip&ccedil;e akuzon se pushteti q&euml;llimisht po bllokon integrimin e vendit n&euml; Bashkimin Evropian. Gjat&euml; debatit p&euml;r rolin e Kuvendit n&euml; drejtim t&euml; an&euml;tar&euml;simit n&euml; BE, Filip&ccedil;e tha se, deklarata e kryeministrit se mund t&euml; presim me dekada p&euml;r an&euml;tar&euml;sim, tregon qart&euml; munges&euml;n e vullnetit t&euml; k&euml;saj qeverie. Filip&ccedil;e tha se p&euml;r [&hellip;]<\/p>\n","protected":false},"author":2,"featured_media":49842,"comment_status":"open","ping_status":"closed","sticky":false,"template":"","format":"standard","meta":{"_monsterinsights_skip_tracking":false,"_monsterinsights_sitenote_active":false,"_monsterinsights_sitenote_note":"","_monsterinsights_sitenote_category":0,"footnotes":""},"categories":[1],"tags":[],"class_list":["post-49841","post","type-post","status-publish","format-standard","has-post-thumbnail","hentry","category-vendi"],"_links":{"self":[{"href":"https:\/\/radiojehona.mk\/index.php?rest_route=\/wp\/v2\/posts\/49841","targetHints":{"allow":["GET"]}}],"collection":[{"href":"https:\/\/radiojehona.mk\/index.php?rest_route=\/wp\/v2\/posts"}],"about":[{"href":"https:\/\/radiojehona.mk\/index.php?rest_route=\/wp\/v2\/types\/post"}],"author":[{"embeddable":true,"href":"https:\/\/radiojehona.mk\/index.php?rest_route=\/wp\/v2\/users\/2"}],"replies":[{"embeddable":true,"href":"https:\/\/radiojehona.mk\/index.php?rest_route=%2Fwp%2Fv2%2Fcomments&post=49841"}],"version-history":[{"count":1,"href":"https:\/\/radiojehona.mk\/index.php?rest_route=\/wp\/v2\/posts\/49841\/revisions"}],"predecessor-version":[{"id":49843,"href":"https:\/\/radiojehona.mk\/index.php?rest_route=\/wp\/v2\/posts\/49841\/revisions\/49843"}],"wp:featuredmedia":[{"embeddable":true,"href":"https:\/\/radiojehona.mk\/index.php?rest_route=\/wp\/v2\/media\/49842"}],"wp:attachment":[{"href":"https:\/\/radiojehona.mk\/index.php?rest_route=%2Fwp%2Fv2%2Fmedia&parent=49841"}],"wp:term":[{"taxonomy":"category","embeddable":true,"href":"https:\/\/radiojehona.mk\/index.php?rest_route=%2Fwp%2Fv2%2Fcategories&post=49841"},{"taxonomy":"post_tag","embeddable":true,"href":"https:\/\/radiojehona.mk\/index.php?rest_route=%2Fwp%2Fv2%2Ftags&post=49841"}],"curies":[{"name":"wp","href":"https:\/\/api.w.org\/{rel}","templated":true}]}}