{"id":49838,"date":"2026-04-26T18:17:32","date_gmt":"2026-04-26T18:17:32","guid":{"rendered":"https:\/\/radiojehona.mk\/?p=49838"},"modified":"2026-04-26T18:17:33","modified_gmt":"2026-04-26T18:17:33","slug":"u-shtyp-nga-traktori-derisa-po-e-rregullonte-nderroi-jete-80-vjecari-ne-luboten-te-shkupit","status":"publish","type":"post","link":"https:\/\/radiojehona.mk\/?p=49838","title":{"rendered":"U shtyp nga traktori derisa po e rregullonte, nd\u00ebrroi jet\u00eb 80 vje\u00e7ari n\u00eb Luboten t\u00eb Shkupit"},"content":{"rendered":"\n<figure class=\"wp-block-image size-large\"><img fetchpriority=\"high\" decoding=\"async\" width=\"1024\" height=\"570\" src=\"https:\/\/radiojehona.mk\/wp-content\/uploads\/2026\/04\/traktor-1-1-1024x570.jpg\" alt=\"\" class=\"wp-image-49839\" srcset=\"https:\/\/radiojehona.mk\/wp-content\/uploads\/2026\/04\/traktor-1-1-1024x570.jpg 1024w, https:\/\/radiojehona.mk\/wp-content\/uploads\/2026\/04\/traktor-1-1-300x167.jpg 300w, https:\/\/radiojehona.mk\/wp-content\/uploads\/2026\/04\/traktor-1-1-768x428.jpg 768w, https:\/\/radiojehona.mk\/wp-content\/uploads\/2026\/04\/traktor-1-1.jpg 1500w\" sizes=\"(max-width: 1024px) 100vw, 1024px\" \/><\/figure>\n\n\n\n<p>M\u00eb dat\u00eb 25.04.2026, n\u00eb ora 09:30, n\u00eb SPB Shkup, nga Kompleksi i Klinikave \u201cN\u00ebn\u00eb Tereza\u201d \u00ebsht\u00eb denoncuar se m\u00eb 20.04.2026, n\u00eb ora 11:15, me l\u00ebndime t\u00eb r\u00ebnda trupore \u00ebsht\u00eb d\u00ebrguar personi N.M. (80) nga fshati Luboten i Shkupit.<\/p>\n\n\n\n<p>Sipas denoncimit, ai i ka marr\u00eb l\u00ebndimet n\u00eb oborr, derisa po rregullonte traktorin e tij, i cili \u00ebsht\u00eb v\u00ebn\u00eb n\u00eb l\u00ebvizje dhe e ka shtypur.<\/p>\n\n\n\n<p>M\u00eb 25.04.2026, n\u00eb ora 06:00, N.M. ka nd\u00ebrruar jet\u00eb, nd\u00ebrsa trupi i t\u00eb ndjerit \u00ebsht\u00eb dor\u00ebzuar p\u00ebr obduksion.<\/p>\n","protected":false},"excerpt":{"rendered":"<p>M&euml; dat&euml; 25.04.2026, n&euml; ora 09:30, n&euml; SPB Shkup, nga Kompleksi i Klinikave &ldquo;N&euml;n&euml; Tereza&rdquo; &euml;sht&euml; denoncuar se m&euml; 20.04.2026, n&euml; ora 11:15, me l&euml;ndime t&euml; r&euml;nda trupore &euml;sht&euml; d&euml;rguar personi N.M. (80) nga fshati Luboten i Shkupit. Sipas denoncimit, ai i ka marr&euml; l&euml;ndimet n&euml; oborr, derisa po rregullonte traktorin e tij, i cili [&hellip;]<\/p>\n","protected":false},"author":2,"featured_media":49839,"comment_status":"open","ping_status":"closed","sticky":false,"template":"","format":"standard","meta":{"_monsterinsights_skip_tracking":false,"_monsterinsights_sitenote_active":false,"_monsterinsights_sitenote_note":"","_monsterinsights_sitenote_category":0,"footnotes":""},"categories":[1],"tags":[],"class_list":["post-49838","post","type-post","status-publish","format-standard","has-post-thumbnail","hentry","category-vendi"],"_links":{"self":[{"href":"https:\/\/radiojehona.mk\/index.php?rest_route=\/wp\/v2\/posts\/49838","targetHints":{"allow":["GET"]}}],"collection":[{"href":"https:\/\/radiojehona.mk\/index.php?rest_route=\/wp\/v2\/posts"}],"about":[{"href":"https:\/\/radiojehona.mk\/index.php?rest_route=\/wp\/v2\/types\/post"}],"author":[{"embeddable":true,"href":"https:\/\/radiojehona.mk\/index.php?rest_route=\/wp\/v2\/users\/2"}],"replies":[{"embeddable":true,"href":"https:\/\/radiojehona.mk\/index.php?rest_route=%2Fwp%2Fv2%2Fcomments&post=49838"}],"version-history":[{"count":1,"href":"https:\/\/radiojehona.mk\/index.php?rest_route=\/wp\/v2\/posts\/49838\/revisions"}],"predecessor-version":[{"id":49840,"href":"https:\/\/radiojehona.mk\/index.php?rest_route=\/wp\/v2\/posts\/49838\/revisions\/49840"}],"wp:featuredmedia":[{"embeddable":true,"href":"https:\/\/radiojehona.mk\/index.php?rest_route=\/wp\/v2\/media\/49839"}],"wp:attachment":[{"href":"https:\/\/radiojehona.mk\/index.php?rest_route=%2Fwp%2Fv2%2Fmedia&parent=49838"}],"wp:term":[{"taxonomy":"category","embeddable":true,"href":"https:\/\/radiojehona.mk\/index.php?rest_route=%2Fwp%2Fv2%2Fcategories&post=49838"},{"taxonomy":"post_tag","embeddable":true,"href":"https:\/\/radiojehona.mk\/index.php?rest_route=%2Fwp%2Fv2%2Ftags&post=49838"}],"curies":[{"name":"wp","href":"https:\/\/api.w.org\/{rel}","templated":true}]}}