{"id":49834,"date":"2026-04-26T11:30:27","date_gmt":"2026-04-26T11:30:27","guid":{"rendered":"https:\/\/radiojehona.mk\/?p=49834"},"modified":"2026-04-26T11:47:19","modified_gmt":"2026-04-26T11:47:19","slug":"a-do-ta-tradhtoje-kurti-osmanin-edhe-pas-propozimit-nga-ldk-jalajme","status":"publish","type":"post","link":"https:\/\/radiojehona.mk\/?p=49834","title":{"rendered":"A do ta tradhtoj\u00eb Kurti, Osmanin edhe pas propozimit nga LDK-ja?"},"content":{"rendered":"\n<figure class=\"wp-block-image size-full\"><img fetchpriority=\"high\" decoding=\"async\" width=\"1024\" height=\"684\" src=\"https:\/\/radiojehona.mk\/wp-content\/uploads\/2026\/04\/Kuvendi-i-Kosoves-ne-krye-me-Albulena-Haxhiun.-Foto-nga-Kuvendi-i-Republikes-se-Kosoves-Facebook.webp\" alt=\"\" class=\"wp-image-49835\" srcset=\"https:\/\/radiojehona.mk\/wp-content\/uploads\/2026\/04\/Kuvendi-i-Kosoves-ne-krye-me-Albulena-Haxhiun.-Foto-nga-Kuvendi-i-Republikes-se-Kosoves-Facebook.webp 1024w, https:\/\/radiojehona.mk\/wp-content\/uploads\/2026\/04\/Kuvendi-i-Kosoves-ne-krye-me-Albulena-Haxhiun.-Foto-nga-Kuvendi-i-Republikes-se-Kosoves-Facebook-300x200.webp 300w, https:\/\/radiojehona.mk\/wp-content\/uploads\/2026\/04\/Kuvendi-i-Kosoves-ne-krye-me-Albulena-Haxhiun.-Foto-nga-Kuvendi-i-Republikes-se-Kosoves-Facebook-768x513.webp 768w\" sizes=\"(max-width: 1024px) 100vw, 1024px\" \/><\/figure>\n\n\n\n<h1 class=\"wp-block-heading\"><\/h1>\n\n\n\n<p>Kosova mund t\u00eb p\u00ebrballet me nj\u00eb tjet\u00ebr raund zgjedhjesh t\u00eb jasht\u00ebzakonshme, pasi afati kushtetues p\u00ebr zgjedhjen e presidentit t\u00eb ri t\u00eb vendit p\u00ebrfundon t\u00eb mart\u00ebn e 28 prillit.<\/p>\n\n\n\n<p>Partia n\u00eb pushtet, L\u00ebvizja Vet\u00ebvendosje, me kreun e saj Albin Kurti, d\u00ebshtuan q\u00eb t\u00eb arrijn\u00eb marr\u00ebveshje me partit\u00eb opozitare p\u00ebr k\u00ebt\u00eb \u00e7\u00ebshtje.<\/p>\n\n\n\n<p>P\u00ebr em\u00ebr tjet\u00ebr jo e jo, por as p\u00ebr ish-presidenten e vendit, Vjosa Osmanin, e cila nuk e mori p\u00ebrkrahjen e kryeministrit nj\u00eb tjet\u00ebr mandat presidencial.<\/p>\n\n\n\n<p>N\u00eb seanc\u00ebn e jasht\u00ebzakonshme t\u00eb mbajtur n\u00eb or\u00ebt e vona t\u00eb s\u00eb enjtes, m\u00eb 5 mars, LVV propozoi dy kandidat\u00eb p\u00ebr president t\u00eb vendit: Glauk Konjufc\u00ebn dhe Fatmire Koll\u00e7akun.<\/p>\n\n\n\n<p>P\u00ebr rrjedhoj\u00eb, u shkaktua nj\u00eb zhg\u00ebnjim te mb\u00ebshtet\u00ebsit e VV-s\u00eb dhe u b\u00eb e qart\u00eb se Kurti nuk e mb\u00ebshtet\u00eb Osmanin p\u00ebr t\u2019u rizgjedhur presidente.<\/p>\n\n\n\n<p>P\u00ebrmes shefes s\u00eb Grupit Parlamentar, ai kishte th\u00ebn\u00eb se ia kishin ofruar Osmanit n\u00ebnshkrimet p\u00ebr t\u00eb kandiduar. Stafi i presidentes e p\u00ebrg\u00ebnjeshtroi dhe e zbuluan se Kurti i kishte ofruar Osmanit vet\u00ebm t\u00eb jet\u00eb pjes\u00eb e gar\u00ebs, p\u00ebr kuorum.<\/p>\n\n\n\n<p>Bile, u p\u00ebrmend edhe nj\u00eb ofert\u00eb e liderit t\u00eb Vv-s\u00eb p\u00ebr presidenten q\u00eb p\u00ebrfshinte faj\u00ebsimin e PDK-s\u00eb e LDK-s\u00eb n\u00ebse vendi shkon n\u00eb zgjedhje.<\/p>\n\n\n\n<p>\u00c7ka ndodhi m\u00eb pas?<\/p>\n\n\n\n<p>Pik\u00ebrisht me partin\u00eb e Lumir Abdixhikut, Kurti vazhdoi takimet, q\u00eb nuk prodhonin asnj\u00eb rezultat dhe u p\u00ebrmbyll\u00ebn nga vet kreu i LDK-s\u00eb, pasi nuk mund\u00ebn t\u00eb gjejn\u00eb gjuh\u00ebn e p\u00ebrbashk\u00ebt dhe kandidatin konsensual p\u00ebr president t\u00eb vendit, raporton Klankosova.tv.<\/p>\n\n\n\n<p>VV tha se LDK-s\u00eb ia ofroi pozit\u00ebn e zv.kryeministrit dhe kat\u00ebr ministri n\u00eb m\u00ebnyr\u00eb q\u00eb kjo parti t\u2019i bashkohet qeverisjes s\u00eb vendit. Edhe partis\u00eb s\u00eb Bedri Hamz\u00ebs ia b\u00ebri ofert\u00ebn me rrokad\u00eb p\u00ebr pozit\u00ebn e kryeparlamentarit.<\/p>\n\n\n\n<p>Albin Kurti u refuzua. LDK i tha \u2018JO\u2019. Nj\u00ebjt\u00eb veproi edhe PDK.<\/p>\n\n\n\n<p>Nd\u00ebrsa afati po ngushtohej, partia me shumic\u00ebn parlamentare pas mbledhjes s\u00eb kryesis\u00eb, t\u00eb premten doli me q\u00ebndrim publik duke i ofruar partive opozitare q\u00eb t\u00eb propozojn\u00eb tre emra p\u00ebr kandidat\u00eb p\u00ebr t\u00eb parin e vendit.<\/p>\n\n\n\n<p>K\u00ebtu u \u2018rikthye\u2019 emri i Vjosa Osmanit.<\/p>\n\n\n\n<p>Kreu i LDK-s\u00eb, Lumir Abdixhiku ishte i qart\u00eb, jo p\u00ebr tre emra, por vet\u00ebm nj\u00eb dhe e sfidoi Kurtin p\u00ebr votat.<\/p>\n\n\n\n<p>\u201cN\u00eb qoft\u00eb se ka dashur marr\u00ebveshje politike me LDK-n\u00eb dhe do marr\u00ebveshje politike me LDK-n\u00eb, at\u00ebher\u00eb LDK mund t\u00eb propozoj\u00eb emra. Ne s\u2019kemi nevoj\u00eb t\u00eb propozojm\u00eb tre, propozojm\u00eb nj\u00eb. Mund t\u00eb jet\u00eb edhe Vjosa Osmani, por le t\u00eb na tregoj\u00eb ai 66 votat p\u00ebr k\u00ebt\u00eb em\u00ebr.\u201d \u2013 tha ai.<\/p>\n\n\n\n<p>Tani mbetet t\u00eb shihet n\u00ebse Kurti do ta \u2018tradhtoj\u00eb\u2019 Osmanin edhe pas propozimit t\u00eb Lidhjes Demokratike t\u00eb Kosov\u00ebs.<\/p>\n\n\n\n<p>Moszgjedhja e presidentit do ta d\u00ebrgonte vendin n\u00eb zgjedhje t\u00eb parakohshme t\u00eb tretat brenda dy viteve.<\/p>\n","protected":false},"excerpt":{"rendered":"<p>Kosova mund t&euml; p&euml;rballet me nj&euml; tjet&euml;r raund zgjedhjesh t&euml; jasht&euml;zakonshme, pasi afati kushtetues p&euml;r zgjedhjen e presidentit t&euml; ri t&euml; vendit p&euml;rfundon t&euml; mart&euml;n e 28 prillit. Partia n&euml; pushtet, L&euml;vizja Vet&euml;vendosje, me kreun e saj Albin Kurti, d&euml;shtuan q&euml; t&euml; arrijn&euml; marr&euml;veshje me partit&euml; opozitare p&euml;r k&euml;t&euml; &ccedil;&euml;shtje. P&euml;r em&euml;r tjet&euml;r jo e [&hellip;]<\/p>\n","protected":false},"author":2,"featured_media":49835,"comment_status":"open","ping_status":"closed","sticky":false,"template":"","format":"standard","meta":{"_monsterinsights_skip_tracking":false,"_monsterinsights_sitenote_active":false,"_monsterinsights_sitenote_note":"","_monsterinsights_sitenote_category":0,"footnotes":""},"categories":[576],"tags":[],"class_list":["post-49834","post","type-post","status-publish","format-standard","has-post-thumbnail","hentry","category-rajoni"],"_links":{"self":[{"href":"https:\/\/radiojehona.mk\/index.php?rest_route=\/wp\/v2\/posts\/49834","targetHints":{"allow":["GET"]}}],"collection":[{"href":"https:\/\/radiojehona.mk\/index.php?rest_route=\/wp\/v2\/posts"}],"about":[{"href":"https:\/\/radiojehona.mk\/index.php?rest_route=\/wp\/v2\/types\/post"}],"author":[{"embeddable":true,"href":"https:\/\/radiojehona.mk\/index.php?rest_route=\/wp\/v2\/users\/2"}],"replies":[{"embeddable":true,"href":"https:\/\/radiojehona.mk\/index.php?rest_route=%2Fwp%2Fv2%2Fcomments&post=49834"}],"version-history":[{"count":2,"href":"https:\/\/radiojehona.mk\/index.php?rest_route=\/wp\/v2\/posts\/49834\/revisions"}],"predecessor-version":[{"id":49837,"href":"https:\/\/radiojehona.mk\/index.php?rest_route=\/wp\/v2\/posts\/49834\/revisions\/49837"}],"wp:featuredmedia":[{"embeddable":true,"href":"https:\/\/radiojehona.mk\/index.php?rest_route=\/wp\/v2\/media\/49835"}],"wp:attachment":[{"href":"https:\/\/radiojehona.mk\/index.php?rest_route=%2Fwp%2Fv2%2Fmedia&parent=49834"}],"wp:term":[{"taxonomy":"category","embeddable":true,"href":"https:\/\/radiojehona.mk\/index.php?rest_route=%2Fwp%2Fv2%2Fcategories&post=49834"},{"taxonomy":"post_tag","embeddable":true,"href":"https:\/\/radiojehona.mk\/index.php?rest_route=%2Fwp%2Fv2%2Ftags&post=49834"}],"curies":[{"name":"wp","href":"https:\/\/api.w.org\/{rel}","templated":true}]}}