{"id":49831,"date":"2026-04-26T11:28:35","date_gmt":"2026-04-26T11:28:35","guid":{"rendered":"https:\/\/radiojehona.mk\/?p=49831"},"modified":"2026-04-26T11:28:35","modified_gmt":"2026-04-26T11:28:35","slug":"bordi-i-paqes-ekipi-i-forcave-te-sigurise-se-kosoves-nis-misionin-ne-gaza","status":"publish","type":"post","link":"https:\/\/radiojehona.mk\/?p=49831","title":{"rendered":"Bordi i Paqes, ekipi i Forcave t\u00eb Siguris\u00eb s\u00eb Kosov\u00ebs nis misionin n\u00eb Gaza"},"content":{"rendered":"\n<figure class=\"wp-block-image size-full\"><img fetchpriority=\"high\" decoding=\"async\" width=\"800\" height=\"451\" src=\"https:\/\/radiojehona.mk\/wp-content\/uploads\/2026\/04\/800-0-1777194904x1777194425-fsk-178.jpg\" alt=\"\" class=\"wp-image-49832\" srcset=\"https:\/\/radiojehona.mk\/wp-content\/uploads\/2026\/04\/800-0-1777194904x1777194425-fsk-178.jpg 800w, https:\/\/radiojehona.mk\/wp-content\/uploads\/2026\/04\/800-0-1777194904x1777194425-fsk-178-300x169.jpg 300w, https:\/\/radiojehona.mk\/wp-content\/uploads\/2026\/04\/800-0-1777194904x1777194425-fsk-178-768x433.jpg 768w\" sizes=\"(max-width: 800px) 100vw, 800px\" \/><\/figure>\n\n\n\n<p>Ekipi i Forcave t\u00eb Siguris\u00eb s\u00eb Kosov\u00ebs ka nisur n\u00eb misionin e Gaz\u00ebs.<\/p>\n\n\n\n<p>Gjat\u00eb k\u00ebsaj vizite ekipi do t\u00eb b\u00ebj\u00eb vler\u00ebsimin paraprak si dhe koordinimin e aktiviteteve t\u00eb dislokimit p\u00ebr kontingjentin e&nbsp;FSK-s\u00eb. Misioni zhvillohet n\u00eb kuad\u00ebr t\u00eb misionit t\u00eb trupave paqeruajt\u00ebse t\u00eb Forcave Stabilizuese Nd\u00ebrkomb\u00ebtare (ISF) n\u00eb&nbsp;Gaza, nj\u00eb marr\u00ebveshje e Bordit t\u00eb Paqes ku b\u00ebn pjes\u00eb edhe Kosova.<\/p>\n\n\n\n<p>\u201cGjat\u00eb k\u00ebsaj vizite, delegacioni ka zhvilluar nj\u00eb s\u00ebr\u00eb takimesh dhe diskutimesh me autoritete nacionale p\u00ebr administrimin e Gaz\u00ebs dhe ekipet p\u00ebrkat\u00ebse, si dhe me p\u00ebrfaq\u00ebsues t\u00eb Qendr\u00ebs Koordinuese Civilo-Ushtarake (CM\u00c7), e cila operon n\u00ebn mbik\u00ebqyrjen e Bordit t\u00eb Paqes, n\u00eb p\u00ebrputhje me Rezolut\u00ebn 2803 t\u00eb OKB-s\u00eb. Gjat\u00eb k\u00ebtyre takimeve \u00ebsht\u00eb diskutuar rreth procesit t\u00eb integrimit t\u00eb kontingjentit t\u00eb FSK-s\u00eb, zhvillimit t\u00eb operacioneve t\u00eb p\u00ebrbashk\u00ebta, si dhe koordinimit t\u00eb mb\u00ebshtetjes logjistike\u201d, thuhet n\u00eb njoftimin zyrtar.<\/p>\n\n\n\n<p>M\u00eb 20 prill, Presidentja n\u00eb detyr\u00eb e Kosov\u00ebs,&nbsp;Albulena Haxhiu, autorizoi d\u00ebrgimin e FSK n\u00eb operacionin nd\u00ebrkomb\u00ebtar. Gjithashtu, edhe&nbsp;Kuvendi i Kosov\u00ebs&nbsp;votoi pro&nbsp;misionit paqeruajt\u00ebs.<\/p>\n\n\n\n<p>Kosova \u00ebsht\u00eb n\u00eb mesin e pes\u00eb shteteve t\u00eb para \u2013 s\u00eb bashku me Indonezin\u00eb, Marokun, Kazakistanin dhe Shqip\u00ebrin\u00eb \u2013 q\u00eb jan\u00eb zotuar p\u00ebr angazhim n\u00eb k\u00ebt\u00eb mision, me q\u00ebllim ofrimin e siguris\u00eb dhe mbik\u00ebqyrjen e arm\u00ebpushimit n\u00eb Rripin e Gaz\u00ebs.<\/p>\n\n\n\n<p>Forca Nd\u00ebrkomb\u00ebtare Stabilizuese pritet t\u00eb ket\u00eb p\u00ebr detyr\u00eb stabilizimin e situat\u00ebs s\u00eb siguris\u00eb n\u00eb Gaz\u00eb, pas luft\u00ebs q\u00eb nisi n\u00eb tetor t\u00eb vitit 2023, kur Hamasi \u2013 i shpallur organizat\u00eb terroriste nga Shtetet e Bashkuara dhe Bashkimi Evropian \u2013 sulmoi Izraelin, duke vrar\u00eb mbi 1.200 njer\u00ebz dhe duke marr\u00eb pengje.<\/p>\n\n\n\n<p>Sulmet pasuese izraelite n\u00eb Gaz\u00eb shkaktuan dhjet\u00ebra mij\u00ebra viktima, kriz\u00eb humanitare dhe d\u00ebme t\u00eb m\u00ebdha materiale.<\/p>\n\n\n\n<p>Plani p\u00ebr krijimin e k\u00ebsaj force \u00ebsht\u00eb pjes\u00eb e nj\u00eb pakoje m\u00eb t\u00eb gjer\u00eb p\u00ebr arritjen e paqes, e cila \u00ebsht\u00eb pranuar nga pal\u00ebt n\u00eb konflikt.<\/p>\n","protected":false},"excerpt":{"rendered":"<p>Ekipi i Forcave t&euml; Siguris&euml; s&euml; Kosov&euml;s ka nisur n&euml; misionin e Gaz&euml;s. Gjat&euml; k&euml;saj vizite ekipi do t&euml; b&euml;j&euml; vler&euml;simin paraprak si dhe koordinimin e aktiviteteve t&euml; dislokimit p&euml;r kontingjentin e&nbsp;FSK-s&euml;. Misioni zhvillohet n&euml; kuad&euml;r t&euml; misionit t&euml; trupave paqeruajt&euml;se t&euml; Forcave Stabilizuese Nd&euml;rkomb&euml;tare (ISF) n&euml;&nbsp;Gaza, nj&euml; marr&euml;veshje e Bordit t&euml; Paqes ku b&euml;n [&hellip;]<\/p>\n","protected":false},"author":2,"featured_media":49832,"comment_status":"open","ping_status":"closed","sticky":false,"template":"","format":"standard","meta":{"_monsterinsights_skip_tracking":false,"_monsterinsights_sitenote_active":false,"_monsterinsights_sitenote_note":"","_monsterinsights_sitenote_category":0,"footnotes":""},"categories":[576],"tags":[],"class_list":["post-49831","post","type-post","status-publish","format-standard","has-post-thumbnail","hentry","category-rajoni"],"_links":{"self":[{"href":"https:\/\/radiojehona.mk\/index.php?rest_route=\/wp\/v2\/posts\/49831","targetHints":{"allow":["GET"]}}],"collection":[{"href":"https:\/\/radiojehona.mk\/index.php?rest_route=\/wp\/v2\/posts"}],"about":[{"href":"https:\/\/radiojehona.mk\/index.php?rest_route=\/wp\/v2\/types\/post"}],"author":[{"embeddable":true,"href":"https:\/\/radiojehona.mk\/index.php?rest_route=\/wp\/v2\/users\/2"}],"replies":[{"embeddable":true,"href":"https:\/\/radiojehona.mk\/index.php?rest_route=%2Fwp%2Fv2%2Fcomments&post=49831"}],"version-history":[{"count":1,"href":"https:\/\/radiojehona.mk\/index.php?rest_route=\/wp\/v2\/posts\/49831\/revisions"}],"predecessor-version":[{"id":49833,"href":"https:\/\/radiojehona.mk\/index.php?rest_route=\/wp\/v2\/posts\/49831\/revisions\/49833"}],"wp:featuredmedia":[{"embeddable":true,"href":"https:\/\/radiojehona.mk\/index.php?rest_route=\/wp\/v2\/media\/49832"}],"wp:attachment":[{"href":"https:\/\/radiojehona.mk\/index.php?rest_route=%2Fwp%2Fv2%2Fmedia&parent=49831"}],"wp:term":[{"taxonomy":"category","embeddable":true,"href":"https:\/\/radiojehona.mk\/index.php?rest_route=%2Fwp%2Fv2%2Fcategories&post=49831"},{"taxonomy":"post_tag","embeddable":true,"href":"https:\/\/radiojehona.mk\/index.php?rest_route=%2Fwp%2Fv2%2Ftags&post=49831"}],"curies":[{"name":"wp","href":"https:\/\/api.w.org\/{rel}","templated":true}]}}