{"id":49828,"date":"2026-04-26T11:20:59","date_gmt":"2026-04-26T11:20:59","guid":{"rendered":"https:\/\/radiojehona.mk\/?p=49828"},"modified":"2026-04-26T11:21:00","modified_gmt":"2026-04-26T11:21:00","slug":"dua-te-shkoj-ne-shtepi-erica-kirk-shperthen-ne-lot-pas-te-shtenave-ne-darken-e-trump","status":"publish","type":"post","link":"https:\/\/radiojehona.mk\/?p=49828","title":{"rendered":"\u201cDua t\u00eb shkoj n\u00eb sht\u00ebpi\u201d: Erica Kirk shp\u00ebrthen n\u00eb lot pas t\u00eb sht\u00ebnave n\u00eb dark\u00ebn e Trump"},"content":{"rendered":"\n<figure class=\"wp-block-image size-large\"><img fetchpriority=\"high\" decoding=\"async\" width=\"1024\" height=\"683\" src=\"https:\/\/radiojehona.mk\/wp-content\/uploads\/2026\/04\/Erika-Kirk-Charlie-Kirk-092225-a8aa0a17f10844dca20b785768112405-1024x683.jpg\" alt=\"\" class=\"wp-image-49829\" srcset=\"https:\/\/radiojehona.mk\/wp-content\/uploads\/2026\/04\/Erika-Kirk-Charlie-Kirk-092225-a8aa0a17f10844dca20b785768112405-1024x683.jpg 1024w, https:\/\/radiojehona.mk\/wp-content\/uploads\/2026\/04\/Erika-Kirk-Charlie-Kirk-092225-a8aa0a17f10844dca20b785768112405-300x200.jpg 300w, https:\/\/radiojehona.mk\/wp-content\/uploads\/2026\/04\/Erika-Kirk-Charlie-Kirk-092225-a8aa0a17f10844dca20b785768112405-768x512.jpg 768w, https:\/\/radiojehona.mk\/wp-content\/uploads\/2026\/04\/Erika-Kirk-Charlie-Kirk-092225-a8aa0a17f10844dca20b785768112405.jpg 1500w\" sizes=\"(max-width: 1024px) 100vw, 1024px\" \/><\/figure>\n\n\n\n<p>Drejtoresha Ekzekutive e Turning Point USA, Erica Kirk ishte e pranishme n\u00eb dark\u00ebn e presidentit Donald Trump ku u regjistruan t\u00eb sht\u00ebnat. Pas ngjarjes Kirk shihet e shqet\u00ebsuar dhe me lot n\u00eb sy nd\u00ebrsa po nxirrej me nxitim nga Darka e Korrespondent\u00ebve t\u00eb Sht\u00ebpis\u00eb s\u00eb Bardh\u00eb.<\/p>\n\n\n\n<p>\u201cDua vet\u00ebm t\u00eb shkoj n\u00eb sht\u00ebpi. Dua vet\u00ebm t\u00eb shkoj n\u00eb sht\u00ebpi\u201d, tha ajo n\u00eb gjendje shoku pasi u d\u00ebgjuan t\u00eb sht\u00ebna me arm\u00eb zjarri.<\/p>\n\n\n\n<p>Sulmi vjen pas 7 muajsh pasi aktivisti politik dhe bashk\u00ebshorti i 37-vje\u00e7ares, Charlie Kirk u q\u00ebllua p\u00ebr vdekje n\u00eb nj\u00eb aktivitet n\u00eb Utah m\u00eb 10 shtator.<\/p>\n","protected":false},"excerpt":{"rendered":"<p>Drejtoresha Ekzekutive e Turning Point USA, Erica Kirk ishte e pranishme n&euml; dark&euml;n e presidentit Donald Trump ku u regjistruan t&euml; sht&euml;nat. Pas ngjarjes Kirk shihet e shqet&euml;suar dhe me lot n&euml; sy nd&euml;rsa po nxirrej me nxitim nga Darka e Korrespondent&euml;ve t&euml; Sht&euml;pis&euml; s&euml; Bardh&euml;. &ldquo;Dua vet&euml;m t&euml; shkoj n&euml; sht&euml;pi. Dua vet&euml;m t&euml; [&hellip;]<\/p>\n","protected":false},"author":2,"featured_media":49829,"comment_status":"open","ping_status":"closed","sticky":false,"template":"","format":"standard","meta":{"_monsterinsights_skip_tracking":false,"_monsterinsights_sitenote_active":false,"_monsterinsights_sitenote_note":"","_monsterinsights_sitenote_category":0,"footnotes":""},"categories":[569],"tags":[],"class_list":["post-49828","post","type-post","status-publish","format-standard","has-post-thumbnail","hentry","category-bota"],"_links":{"self":[{"href":"https:\/\/radiojehona.mk\/index.php?rest_route=\/wp\/v2\/posts\/49828","targetHints":{"allow":["GET"]}}],"collection":[{"href":"https:\/\/radiojehona.mk\/index.php?rest_route=\/wp\/v2\/posts"}],"about":[{"href":"https:\/\/radiojehona.mk\/index.php?rest_route=\/wp\/v2\/types\/post"}],"author":[{"embeddable":true,"href":"https:\/\/radiojehona.mk\/index.php?rest_route=\/wp\/v2\/users\/2"}],"replies":[{"embeddable":true,"href":"https:\/\/radiojehona.mk\/index.php?rest_route=%2Fwp%2Fv2%2Fcomments&post=49828"}],"version-history":[{"count":1,"href":"https:\/\/radiojehona.mk\/index.php?rest_route=\/wp\/v2\/posts\/49828\/revisions"}],"predecessor-version":[{"id":49830,"href":"https:\/\/radiojehona.mk\/index.php?rest_route=\/wp\/v2\/posts\/49828\/revisions\/49830"}],"wp:featuredmedia":[{"embeddable":true,"href":"https:\/\/radiojehona.mk\/index.php?rest_route=\/wp\/v2\/media\/49829"}],"wp:attachment":[{"href":"https:\/\/radiojehona.mk\/index.php?rest_route=%2Fwp%2Fv2%2Fmedia&parent=49828"}],"wp:term":[{"taxonomy":"category","embeddable":true,"href":"https:\/\/radiojehona.mk\/index.php?rest_route=%2Fwp%2Fv2%2Fcategories&post=49828"},{"taxonomy":"post_tag","embeddable":true,"href":"https:\/\/radiojehona.mk\/index.php?rest_route=%2Fwp%2Fv2%2Ftags&post=49828"}],"curies":[{"name":"wp","href":"https:\/\/api.w.org\/{rel}","templated":true}]}}