{"id":49825,"date":"2026-04-26T11:17:36","date_gmt":"2026-04-26T11:17:36","guid":{"rendered":"https:\/\/radiojehona.mk\/?p=49825"},"modified":"2026-04-26T11:17:36","modified_gmt":"2026-04-26T11:17:36","slug":"nuk-eshte-hera-e-pare-qe-trump-ndodhet-ne-vendin-e-te-shtenave","status":"publish","type":"post","link":"https:\/\/radiojehona.mk\/?p=49825","title":{"rendered":"Nuk \u00ebsht\u00eb hera e par\u00eb q\u00eb Trump ndodhet n\u00eb vendin e t\u00eb sht\u00ebnave"},"content":{"rendered":"\n<figure class=\"wp-block-image size-full\"><img fetchpriority=\"high\" decoding=\"async\" width=\"820\" height=\"547\" src=\"https:\/\/radiojehona.mk\/wp-content\/uploads\/2026\/04\/donald1-1.png\" alt=\"\" class=\"wp-image-49826\" srcset=\"https:\/\/radiojehona.mk\/wp-content\/uploads\/2026\/04\/donald1-1.png 820w, https:\/\/radiojehona.mk\/wp-content\/uploads\/2026\/04\/donald1-1-300x200.png 300w, https:\/\/radiojehona.mk\/wp-content\/uploads\/2026\/04\/donald1-1-768x512.png 768w\" sizes=\"(max-width: 820px) 100vw, 820px\" \/><\/figure>\n\n\n\n<p>Ende nuk dihet motivi i t\u00eb dyshuarit i cili hapi zjarr n\u00eb dark\u00ebn e korrespodent\u00ebve t\u00eb Sht\u00ebpis\u00eb s\u00eb Bardh\u00eb.<\/p>\n\n\n\n<p>Nd\u00ebrsa policia ka th\u00ebn\u00eb se kjo mbetet e paqart\u00eb, CBS News raporton se personi i dyshuar i armatosur u tha autoriteteve se po synonte zyrtar\u00eb t\u00eb lidhur me administrat\u00ebn Trump.<\/p>\n\n\n\n<p>Pas incidentit t\u00eb t\u00eb sht\u00ebnave n\u00eb dark\u00ebn e Korrespondent\u00ebve t\u00eb Sht\u00ebpis\u00eb s\u00eb Bardh\u00eb t\u00eb mbr\u00ebmshme, presidenti amerikan u pyet nga nj\u00eb gazetar: pse mendoni se kjo vazhdon t\u2019ju ndodh\u00eb?<\/p>\n\n\n\n<p>Ka pasur incidente t\u00eb ndryshme sigurie n\u00eb vitet e fundit q\u00eb p\u00ebrfshijn\u00eb Trump.<\/p>\n\n\n\n<p>N\u00eb korrik 2024, ai u q\u00ebllua n\u00eb veshin e djatht\u00eb gjat\u00eb nj\u00eb tubimi fushate n\u00eb Butler, Pensilvani. Ai brohoriti \u201cLufto! Lufto! Lufto!\u201d nd\u00ebrsa u shoq\u00ebrua nga skena nga sigurimi. Nj\u00eb person n\u00eb turm\u00eb vdiq.<\/p>\n\n\n\n<p>Muaj m\u00eb von\u00eb, n\u00eb shtator 2024, ish-presidenti i at\u00ebhersh\u00ebm u d\u00ebrgua me urgjenc\u00eb n\u00eb nj\u00eb vend t\u00eb sigurt pasi nj\u00eb person i dyshuar i armatosur u pa duke u fshehur n\u00eb shkurret e klubit t\u00eb tij t\u00eb golfit n\u00eb West Palm Beach, Florida. Trump, ishte \u201ci sigurt dhe mir\u00eb\u201d, raporton BBC<\/p>\n\n\n\n<p>Incidenti m\u00eb i fundit para mbr\u00ebmjes s\u00eb kaluar ishte n\u00eb shkurt t\u00eb vitit 2026. Nj\u00eb burr\u00eb i armatosur u q\u00ebllua p\u00ebr vdekje pasi hyri n\u00eb perimetrin e sigurt t\u00eb rezidenc\u00ebs s\u00eb Trump n\u00eb Mar-a-Lago. Presidenti ishte n\u00eb Uashington DC n\u00eb at\u00eb koh\u00eb.<\/p>\n\n\n\n<p>\u201cNjer\u00ebzit q\u00eb kan\u00eb ndikimin m\u00eb t\u00eb madh, jan\u00eb ata q\u00eb ata ndjekin. Ata nuk ndjekin ata q\u00eb nuk b\u00ebjn\u00eb shum\u00eb\u201d, tha Trump n\u00eb p\u00ebrgjigje t\u00eb gazetarit sot.<\/p>\n","protected":false},"excerpt":{"rendered":"<p>Ende nuk dihet motivi i t&euml; dyshuarit i cili hapi zjarr n&euml; dark&euml;n e korrespodent&euml;ve t&euml; Sht&euml;pis&euml; s&euml; Bardh&euml;. Nd&euml;rsa policia ka th&euml;n&euml; se kjo mbetet e paqart&euml;, CBS News raporton se personi i dyshuar i armatosur u tha autoriteteve se po synonte zyrtar&euml; t&euml; lidhur me administrat&euml;n Trump. Pas incidentit t&euml; t&euml; sht&euml;nave n&euml; [&hellip;]<\/p>\n","protected":false},"author":2,"featured_media":49826,"comment_status":"open","ping_status":"closed","sticky":false,"template":"","format":"standard","meta":{"_monsterinsights_skip_tracking":false,"_monsterinsights_sitenote_active":false,"_monsterinsights_sitenote_note":"","_monsterinsights_sitenote_category":0,"footnotes":""},"categories":[569],"tags":[],"class_list":["post-49825","post","type-post","status-publish","format-standard","has-post-thumbnail","hentry","category-bota"],"_links":{"self":[{"href":"https:\/\/radiojehona.mk\/index.php?rest_route=\/wp\/v2\/posts\/49825","targetHints":{"allow":["GET"]}}],"collection":[{"href":"https:\/\/radiojehona.mk\/index.php?rest_route=\/wp\/v2\/posts"}],"about":[{"href":"https:\/\/radiojehona.mk\/index.php?rest_route=\/wp\/v2\/types\/post"}],"author":[{"embeddable":true,"href":"https:\/\/radiojehona.mk\/index.php?rest_route=\/wp\/v2\/users\/2"}],"replies":[{"embeddable":true,"href":"https:\/\/radiojehona.mk\/index.php?rest_route=%2Fwp%2Fv2%2Fcomments&post=49825"}],"version-history":[{"count":1,"href":"https:\/\/radiojehona.mk\/index.php?rest_route=\/wp\/v2\/posts\/49825\/revisions"}],"predecessor-version":[{"id":49827,"href":"https:\/\/radiojehona.mk\/index.php?rest_route=\/wp\/v2\/posts\/49825\/revisions\/49827"}],"wp:featuredmedia":[{"embeddable":true,"href":"https:\/\/radiojehona.mk\/index.php?rest_route=\/wp\/v2\/media\/49826"}],"wp:attachment":[{"href":"https:\/\/radiojehona.mk\/index.php?rest_route=%2Fwp%2Fv2%2Fmedia&parent=49825"}],"wp:term":[{"taxonomy":"category","embeddable":true,"href":"https:\/\/radiojehona.mk\/index.php?rest_route=%2Fwp%2Fv2%2Fcategories&post=49825"},{"taxonomy":"post_tag","embeddable":true,"href":"https:\/\/radiojehona.mk\/index.php?rest_route=%2Fwp%2Fv2%2Ftags&post=49825"}],"curies":[{"name":"wp","href":"https:\/\/api.w.org\/{rel}","templated":true}]}}