{"id":49822,"date":"2026-04-26T10:37:34","date_gmt":"2026-04-26T10:37:34","guid":{"rendered":"https:\/\/radiojehona.mk\/?p=49822"},"modified":"2026-04-26T10:37:35","modified_gmt":"2026-04-26T10:37:35","slug":"hetim-per-punonjesin-e-nje-shkolle-ne-gostivar-per-perdhunim-te-nje-nxenese-14-vjecare","status":"publish","type":"post","link":"https:\/\/radiojehona.mk\/?p=49822","title":{"rendered":"Hetim p\u00ebr punonj\u00ebsin e nj\u00eb shkolle n\u00eb Gostivar p\u00ebr p\u00ebrdhunim t\u00eb nj\u00eb nx\u00ebn\u00ebse 14 vje\u00e7are"},"content":{"rendered":"\n<figure class=\"wp-block-image size-full\"><img fetchpriority=\"high\" decoding=\"async\" width=\"780\" height=\"439\" src=\"https:\/\/radiojehona.mk\/wp-content\/uploads\/2025\/12\/policia-mk-780x439-1-2.jpg\" alt=\"\" class=\"wp-image-45303\" srcset=\"https:\/\/radiojehona.mk\/wp-content\/uploads\/2025\/12\/policia-mk-780x439-1-2.jpg 780w, https:\/\/radiojehona.mk\/wp-content\/uploads\/2025\/12\/policia-mk-780x439-1-2-300x169.jpg 300w, https:\/\/radiojehona.mk\/wp-content\/uploads\/2025\/12\/policia-mk-780x439-1-2-768x432.jpg 768w\" sizes=\"(max-width: 780px) 100vw, 780px\" \/><\/figure>\n\n\n\n<p>Prokuroria Publike Themelore e Gostivarit ka hapur hetim kund\u00ebr nj\u00eb 28-vje\u00e7ari nga Shkupi, punonj\u00ebs i nj\u00eb shkolle fillore, n\u00ebn dyshimin p\u00ebr kryerjen e dy veprave penale kund\u00ebr nj\u00eb vajze 14-vje\u00e7are, p\u00ebrcjell TV21. I dyshuari akuzohet p\u00ebr p\u00ebrdhunimin e nj\u00eb f\u00ebmije n\u00ebn mosh\u00ebn 15 vje\u00e7 dhe keqp\u00ebrdorimin e regjistrimit t\u00eb dikujt tjet\u00ebr me p\u00ebrmbajtje eksplicite.<\/p>\n\n\n\n<p>\u201cI dyshuari 28-vje\u00e7ar, nj\u00eb punonj\u00ebs i shkoll\u00ebs fillore, e bindi vajz\u00ebn 14-vje\u00e7are t\u2019i d\u00ebrgonte foto dhe video me p\u00ebrmbajtje seksuale eksplicite t\u00eb saj, dhe m\u00eb pas e shantazhoi q\u00eb do t\u2019ia publikonte n\u00ebse nuk dilte me t\u00eb. Viktima f\u00ebmij\u00eb pranoi t\u00eb takohej, pas s\u00eb cil\u00ebs i dyshuari e \u00e7oi n\u00eb nj\u00eb sht\u00ebpi n\u00eb rajonin e Gostivarit ku e p\u00ebrdhunoi, nj\u00eb krim i d\u00ebnuesh\u00ebm me t\u00eb pakt\u00ebn 8 vjet burg. K\u00ebt\u00eb muaj, ai u p\u00ebrpoq ta shantazhonte p\u00ebrs\u00ebri q\u00eb t\u00eb takohej, por vajza refuzoi, pas \u00e7ka ai publikoi fotot dhe videot eksplicite q\u00eb kishte n\u00eb nj\u00eb rrjet social. Duke vepruar k\u00ebshtu, ai i b\u00ebri ato t\u00eb disponueshme p\u00ebr persona t\u00eb tjer\u00eb, duke p\u00ebrmbushur k\u00ebshtu krimin e dyt\u00eb q\u00eb u prezantua n\u00eb shkurt t\u00eb k\u00ebtij viti dhe q\u00eb mbart nj\u00eb d\u00ebnim me burg nga 3 deri n\u00eb 10 vjet burg\u201d, thon\u00eb nga Prokuroria.<\/p>\n\n\n\n<p>Prokurori publik kompetent vler\u00ebsoi se jan\u00eb p\u00ebrmbushur t\u00eb gjitha k\u00ebrkesat ligjore dhe gjyqtarit t\u00eb procedur\u00ebs paraprake iu paraqit nj\u00eb propozim p\u00ebr caktimin e mas\u00ebs s\u00eb paraburgimit p\u00ebr shkak t\u00eb rrezikut t\u00eb arratisjes s\u00eb t\u00eb dyshuarit, rrezikut t\u00eb ndikimit te viktima gjat\u00eb procedur\u00ebs dhe rrezikut t\u00eb p\u00ebrs\u00ebritjes s\u00eb krimit.<\/p>\n\n\n\n<p>Ministria e Pun\u00ebve t\u00eb Brendshme informoi dje p\u00ebr rastin, duke th\u00ebn\u00eb se b\u00ebhet fjal\u00eb p\u00ebr personin me inicialet T.B. nga fshati Zdunj\u00eb i Gostivarit.<\/p>\n","protected":false},"excerpt":{"rendered":"<p>Prokuroria Publike Themelore e Gostivarit ka hapur hetim kund&euml;r nj&euml; 28-vje&ccedil;ari nga Shkupi, punonj&euml;s i nj&euml; shkolle fillore, n&euml;n dyshimin p&euml;r kryerjen e dy veprave penale kund&euml;r nj&euml; vajze 14-vje&ccedil;are, p&euml;rcjell TV21. I dyshuari akuzohet p&euml;r p&euml;rdhunimin e nj&euml; f&euml;mije n&euml;n mosh&euml;n 15 vje&ccedil; dhe keqp&euml;rdorimin e regjistrimit t&euml; dikujt tjet&euml;r me p&euml;rmbajtje eksplicite. &ldquo;I [&hellip;]<\/p>\n","protected":false},"author":2,"featured_media":49311,"comment_status":"open","ping_status":"closed","sticky":false,"template":"","format":"standard","meta":{"_monsterinsights_skip_tracking":false,"_monsterinsights_sitenote_active":false,"_monsterinsights_sitenote_note":"","_monsterinsights_sitenote_category":0,"footnotes":""},"categories":[1],"tags":[],"class_list":["post-49822","post","type-post","status-publish","format-standard","has-post-thumbnail","hentry","category-vendi"],"_links":{"self":[{"href":"https:\/\/radiojehona.mk\/index.php?rest_route=\/wp\/v2\/posts\/49822","targetHints":{"allow":["GET"]}}],"collection":[{"href":"https:\/\/radiojehona.mk\/index.php?rest_route=\/wp\/v2\/posts"}],"about":[{"href":"https:\/\/radiojehona.mk\/index.php?rest_route=\/wp\/v2\/types\/post"}],"author":[{"embeddable":true,"href":"https:\/\/radiojehona.mk\/index.php?rest_route=\/wp\/v2\/users\/2"}],"replies":[{"embeddable":true,"href":"https:\/\/radiojehona.mk\/index.php?rest_route=%2Fwp%2Fv2%2Fcomments&post=49822"}],"version-history":[{"count":1,"href":"https:\/\/radiojehona.mk\/index.php?rest_route=\/wp\/v2\/posts\/49822\/revisions"}],"predecessor-version":[{"id":49823,"href":"https:\/\/radiojehona.mk\/index.php?rest_route=\/wp\/v2\/posts\/49822\/revisions\/49823"}],"wp:featuredmedia":[{"embeddable":true,"href":"https:\/\/radiojehona.mk\/index.php?rest_route=\/wp\/v2\/media\/49311"}],"wp:attachment":[{"href":"https:\/\/radiojehona.mk\/index.php?rest_route=%2Fwp%2Fv2%2Fmedia&parent=49822"}],"wp:term":[{"taxonomy":"category","embeddable":true,"href":"https:\/\/radiojehona.mk\/index.php?rest_route=%2Fwp%2Fv2%2Fcategories&post=49822"},{"taxonomy":"post_tag","embeddable":true,"href":"https:\/\/radiojehona.mk\/index.php?rest_route=%2Fwp%2Fv2%2Ftags&post=49822"}],"curies":[{"name":"wp","href":"https:\/\/api.w.org\/{rel}","templated":true}]}}