{"id":49816,"date":"2026-04-26T10:34:19","date_gmt":"2026-04-26T10:34:19","guid":{"rendered":"https:\/\/radiojehona.mk\/?p=49816"},"modified":"2026-04-26T10:34:19","modified_gmt":"2026-04-26T10:34:19","slug":"u-dogjen-dy-automjete-transportuese-ne-cajle-te-gostivarit","status":"publish","type":"post","link":"https:\/\/radiojehona.mk\/?p=49816","title":{"rendered":"U dogj\u00ebn dy automjete transportuese n\u00eb \u00c7ajl\u00eb t\u00eb Gostivarit"},"content":{"rendered":"\n<figure class=\"wp-block-image size-full\"><img fetchpriority=\"high\" decoding=\"async\" width=\"800\" height=\"450\" src=\"https:\/\/radiojehona.mk\/wp-content\/uploads\/2026\/04\/cinematic-film-shot-of-a-vehicle-burning-in-flames-after-a-car-crash-at-night-video.jpg\" alt=\"\" class=\"wp-image-49817\" srcset=\"https:\/\/radiojehona.mk\/wp-content\/uploads\/2026\/04\/cinematic-film-shot-of-a-vehicle-burning-in-flames-after-a-car-crash-at-night-video.jpg 800w, https:\/\/radiojehona.mk\/wp-content\/uploads\/2026\/04\/cinematic-film-shot-of-a-vehicle-burning-in-flames-after-a-car-crash-at-night-video-300x169.jpg 300w, https:\/\/radiojehona.mk\/wp-content\/uploads\/2026\/04\/cinematic-film-shot-of-a-vehicle-burning-in-flames-after-a-car-crash-at-night-video-768x432.jpg 768w\" sizes=\"(max-width: 800px) 100vw, 800px\" \/><\/figure>\n\n\n\n<p>Policia e rajonit t\u00eb Tetov\u00ebs njofton se gjat\u00eb dit\u00ebs s\u00eb djeshme jan\u00eb djegur dy automjete transportuese n\u00eb fshatin \u00c7ajl\u00eb t\u00eb Gostivarit.Policia njofton se \u00ebsht\u00eb djegur nj\u00eb automjet \u201cMAN\u201d, nd\u00ebrsa nga flak\u00ebt e t\u00eb nj\u00ebjtit, \u00ebsht\u00eb djegur pjes\u00ebrisht edhe nj\u00eb automjet \u201cMercedes Atego\u201d.<\/p>\n\n\n\n<p>\u201cM\u00eb 25.04.2026, n\u00eb ora 06:40, n\u00eb Stacionin Policor Gostivar \u00ebsht\u00eb raportuar nj\u00eb zjarr n\u00eb nj\u00eb mjet motorik transportues \u201cMAN\u201d me targa t\u00eb Gostivarit, pron\u00eb e Sh.Sh. (49) nga fshati \u00c7ajll\u00eb. Automjeti ishte i parkuar n\u00eb nj\u00eb pllac n\u00eb vendin e quajtur \u201c\u00c7ajlla e Vjet\u00ebr\u201d. Nga zjarri \u00ebsht\u00eb p\u00ebrfshir\u00eb pjes\u00ebrisht edhe nj\u00eb automjet tjet\u00ebr i parkuar \u201cMercedes Atego\u201d. Zjarri \u00ebsht\u00eb shuar nga Nj\u00ebsiti Teritorial Kund\u00ebr Zjarrit Gostivar, nd\u00ebrsa k\u00ebqyrjen e vendit t\u00eb ngjarjes e ka kryer ekipi i DPB Gostivar\u201d, thon\u00eb nga SPB-Tetov\u00eb.<\/p>\n","protected":false},"excerpt":{"rendered":"<p>Policia e rajonit t&euml; Tetov&euml;s njofton se gjat&euml; dit&euml;s s&euml; djeshme jan&euml; djegur dy automjete transportuese n&euml; fshatin &Ccedil;ajl&euml; t&euml; Gostivarit.Policia njofton se &euml;sht&euml; djegur nj&euml; automjet &ldquo;MAN&rdquo;, nd&euml;rsa nga flak&euml;t e t&euml; nj&euml;jtit, &euml;sht&euml; djegur pjes&euml;risht edhe nj&euml; automjet &ldquo;Mercedes Atego&rdquo;. &ldquo;M&euml; 25.04.2026, n&euml; ora 06:40, n&euml; Stacionin Policor Gostivar &euml;sht&euml; raportuar nj&euml; zjarr [&hellip;]<\/p>\n","protected":false},"author":2,"featured_media":49817,"comment_status":"open","ping_status":"closed","sticky":false,"template":"","format":"standard","meta":{"_monsterinsights_skip_tracking":false,"_monsterinsights_sitenote_active":false,"_monsterinsights_sitenote_note":"","_monsterinsights_sitenote_category":0,"footnotes":""},"categories":[1],"tags":[],"class_list":["post-49816","post","type-post","status-publish","format-standard","has-post-thumbnail","hentry","category-vendi"],"_links":{"self":[{"href":"https:\/\/radiojehona.mk\/index.php?rest_route=\/wp\/v2\/posts\/49816","targetHints":{"allow":["GET"]}}],"collection":[{"href":"https:\/\/radiojehona.mk\/index.php?rest_route=\/wp\/v2\/posts"}],"about":[{"href":"https:\/\/radiojehona.mk\/index.php?rest_route=\/wp\/v2\/types\/post"}],"author":[{"embeddable":true,"href":"https:\/\/radiojehona.mk\/index.php?rest_route=\/wp\/v2\/users\/2"}],"replies":[{"embeddable":true,"href":"https:\/\/radiojehona.mk\/index.php?rest_route=%2Fwp%2Fv2%2Fcomments&post=49816"}],"version-history":[{"count":1,"href":"https:\/\/radiojehona.mk\/index.php?rest_route=\/wp\/v2\/posts\/49816\/revisions"}],"predecessor-version":[{"id":49818,"href":"https:\/\/radiojehona.mk\/index.php?rest_route=\/wp\/v2\/posts\/49816\/revisions\/49818"}],"wp:featuredmedia":[{"embeddable":true,"href":"https:\/\/radiojehona.mk\/index.php?rest_route=\/wp\/v2\/media\/49817"}],"wp:attachment":[{"href":"https:\/\/radiojehona.mk\/index.php?rest_route=%2Fwp%2Fv2%2Fmedia&parent=49816"}],"wp:term":[{"taxonomy":"category","embeddable":true,"href":"https:\/\/radiojehona.mk\/index.php?rest_route=%2Fwp%2Fv2%2Fcategories&post=49816"},{"taxonomy":"post_tag","embeddable":true,"href":"https:\/\/radiojehona.mk\/index.php?rest_route=%2Fwp%2Fv2%2Ftags&post=49816"}],"curies":[{"name":"wp","href":"https:\/\/api.w.org\/{rel}","templated":true}]}}