{"id":48978,"date":"2026-04-07T17:39:09","date_gmt":"2026-04-07T17:39:09","guid":{"rendered":"https:\/\/radiojehona.mk\/?p=48978"},"modified":"2026-04-07T17:39:09","modified_gmt":"2026-04-07T17:39:09","slug":"gjuha-shqipe-sherr-ne-kuvend-deputetja-ilire-dauti-e-bllokoi-seancen","status":"publish","type":"post","link":"https:\/\/radiojehona.mk\/?p=48978","title":{"rendered":"Gjuha shqipe \u2018sherr\u2019 n\u00eb Kuvend, deputetja Ilire Dauti e bllokoi seanc\u00ebn"},"content":{"rendered":"\n<figure class=\"wp-block-image size-full\"><img fetchpriority=\"high\" decoding=\"async\" width=\"873\" height=\"560\" src=\"https:\/\/radiojehona.mk\/wp-content\/uploads\/2026\/04\/gashi-ilire.jpg\" alt=\"\" class=\"wp-image-48979\" srcset=\"https:\/\/radiojehona.mk\/wp-content\/uploads\/2026\/04\/gashi-ilire.jpg 873w, https:\/\/radiojehona.mk\/wp-content\/uploads\/2026\/04\/gashi-ilire-300x192.jpg 300w, https:\/\/radiojehona.mk\/wp-content\/uploads\/2026\/04\/gashi-ilire-768x493.jpg 768w\" sizes=\"(max-width: 873px) 100vw, 873px\" \/><\/figure>\n\n\n\n<p><em>\u201c\u2026e nderuar n\u00ebnkryetare e komisionit, po t\u00eb lutem n\u00eb m\u00ebnyr\u00ebn shum\u00eb korrekte k\u00ebtu ka rregullore si funksionon, k\u00ebtu nuk mund ta b\u00ebsh t\u00ebnden si t\u00eb vije qejfi sepse n\u00eb k\u00ebt\u00eb rast e drejta q\u00ebndron te un\u00eb. Duhet t\u00eb mi siguroni fillimisht materialet n\u00eb gjuh\u00ebn shqipe e pastaj t\u00eb vazhdosh me seanc\u00eb. N\u00eb t\u00eb kund\u00ebrt\u00ebn, ja le ta shohin mediumet e qytetar\u00ebt edhe k\u00ebto zonja t\u00eb nderuara k\u00ebtu si mund t\u00eb flitet p\u00ebr barazi kur n\u00eb m\u00ebnyr\u00eb t\u00eb hapur po b\u00ebhet dhun\u00eb psikologjike dhe n\u00ebn\u00e7mim ndaj deputet\u00ebve shqiptar\u00eb\u201d, tha Ilire Dauti, deputete e ASH-s\u00eb.<\/em><\/p>\n\n\n\n<p>P\u00ebr gjuh\u00ebn shqipe u b\u00eb sherr sot edhe n\u00eb Kuvend. N\u00eb Komisionin p\u00ebr mund\u00ebsi t\u00eb barabarta t\u00eb femrave dhe meshkujve, seanca e 13-t\u00eb u nd\u00ebrpre, pasi q\u00eb deputetja e ASh-s\u00eb opozitare Ilire Dauti tha se ndihet e diskriminuar dhe e pabarabart\u00eb pasi materialet e seanc\u00ebs nuk b\u00ebhen n\u00eb gjuh\u00ebn shqipe.<\/p>\n\n\n\n<p><em>\u201cDo t\u00eb thot\u00eb kjo seanc\u00eb ka filluar pa zbatimin e Kushtetut\u00ebs dhe pa zbatimin e Ligjit p\u00ebr p\u00ebrdorimin e gjuh\u00ebve, nd\u00ebrkaq k\u00ebtu diskutohet p\u00ebr strategji, e cila n\u00eb qend\u00ebr t\u00eb v\u00ebmendjes dhe fjal\u00ebt ky\u00e7e i ka diskriminimin, dhun\u00ebn psikologjike, n\u00ebn\u00e7mimin e k\u00ebshtu me radh\u00eb\u2026\u201d,&nbsp;shtoi&nbsp;Ilire Dauti, Deputet e ASH-s\u00eb.<\/em><\/p>\n\n\n\n<p>P\u00ebrderisa deputetja Dauti flet, n\u00ebnkryetarja e komisionit Vesna Gjorgjieva informohet p\u00ebrmes celularit!<\/p>\n\n\n\n<p><em>\u201cVazhdojm\u00eb me seanc\u00ebn\u2026 Nuk keni t\u00eb drejt\u00eb t\u00eb fjal\u00ebs, nuk ju dhash\u00eb t\u00eb drejt\u00eb t\u00eb flisni! Ju lutem, nuk ju dhash\u00eb t\u00eb drejt\u00ebn e fjal\u00ebs!\u201d,&nbsp;tha&nbsp;Vesna Gjorgjieva, N\u00ebnkryetare e Komisionit.<\/em><\/p>\n\n\n\n<p>Gjorgjieva akuzoi Dautin se me k\u00ebt\u00eb sjellje po tenton t\u00eb fitoj\u00eb pik\u00eb politike.<\/p>\n\n\n\n<p><em>\u201cNuk dua t\u2019i manipuloni k\u00ebta njer\u00ebz q\u00eb kan\u00eb ardhur k\u00ebtu n\u00eb k\u00ebt\u00eb diskutim publik p\u00ebr t\u00eb arritur n\u00eb p\u00ebrfundime, q\u00eb do na ndihmonin shum\u00eb t\u00eb gjith\u00eb neve dhe jo t\u00eb fitojm\u00eb vet\u00ebm pik\u00eb politike\u2026\u201d,&nbsp;tha&nbsp;Vesna Gjorgjieva, N\u00ebnkryetare e Komisionit.<\/em><\/p>\n\n\n\n<p>Deputetja Dauti nuk l\u00ebvizi nga foltorja duke th\u00ebn\u00eb se edhe Ministri shqiptar p\u00ebr politik\u00eb sociale Fatmir Limani e ka firmosur k\u00ebt\u00eb dokument vet\u00ebm n\u00eb gjuh\u00ebn maqedonase, madje faj\u00ebson edhe kryetarin e Kuvendit Afrim Gashin p\u00ebr mos intervenim t\u00eb zbatimit t\u00eb gjuh\u00ebs shqipe n\u00eb k\u00ebt\u00eb komision. P\u00ebr tu mbyll fjalosja, n\u00ebnkryetarja Gjorgjieva k\u00ebrkoi pauz\u00eb p\u00ebr t\u00eb printuar materialin n\u00eb gjuh\u00ebn shqipe p\u00ebr t\u00eb ju dor\u00ebzuar deputet\u00ebve shqiptar\u00eb.&nbsp;<a href=\"https:\/\/tv21.tv\/sherr-per-gjuhen-shqipe-edhe-ne-kuvend-deputetja-ilire-dauti-bllokoi-seancen\/\">\/TV21\/<\/a><\/p>\n","protected":false},"excerpt":{"rendered":"<p>&ldquo;&hellip;e nderuar n&euml;nkryetare e komisionit, po t&euml; lutem n&euml; m&euml;nyr&euml;n shum&euml; korrekte k&euml;tu ka rregullore si funksionon, k&euml;tu nuk mund ta b&euml;sh t&euml;nden si t&euml; vije qejfi sepse n&euml; k&euml;t&euml; rast e drejta q&euml;ndron te un&euml;. Duhet t&euml; mi siguroni fillimisht materialet n&euml; gjuh&euml;n shqipe e pastaj t&euml; vazhdosh me seanc&euml;. N&euml; t&euml; kund&euml;rt&euml;n, ja [&hellip;]<\/p>\n","protected":false},"author":2,"featured_media":48979,"comment_status":"open","ping_status":"closed","sticky":false,"template":"","format":"standard","meta":{"_monsterinsights_skip_tracking":false,"_monsterinsights_sitenote_active":false,"_monsterinsights_sitenote_note":"","_monsterinsights_sitenote_category":0,"footnotes":""},"categories":[1],"tags":[],"class_list":["post-48978","post","type-post","status-publish","format-standard","has-post-thumbnail","hentry","category-vendi"],"_links":{"self":[{"href":"https:\/\/radiojehona.mk\/index.php?rest_route=\/wp\/v2\/posts\/48978","targetHints":{"allow":["GET"]}}],"collection":[{"href":"https:\/\/radiojehona.mk\/index.php?rest_route=\/wp\/v2\/posts"}],"about":[{"href":"https:\/\/radiojehona.mk\/index.php?rest_route=\/wp\/v2\/types\/post"}],"author":[{"embeddable":true,"href":"https:\/\/radiojehona.mk\/index.php?rest_route=\/wp\/v2\/users\/2"}],"replies":[{"embeddable":true,"href":"https:\/\/radiojehona.mk\/index.php?rest_route=%2Fwp%2Fv2%2Fcomments&post=48978"}],"version-history":[{"count":1,"href":"https:\/\/radiojehona.mk\/index.php?rest_route=\/wp\/v2\/posts\/48978\/revisions"}],"predecessor-version":[{"id":48980,"href":"https:\/\/radiojehona.mk\/index.php?rest_route=\/wp\/v2\/posts\/48978\/revisions\/48980"}],"wp:featuredmedia":[{"embeddable":true,"href":"https:\/\/radiojehona.mk\/index.php?rest_route=\/wp\/v2\/media\/48979"}],"wp:attachment":[{"href":"https:\/\/radiojehona.mk\/index.php?rest_route=%2Fwp%2Fv2%2Fmedia&parent=48978"}],"wp:term":[{"taxonomy":"category","embeddable":true,"href":"https:\/\/radiojehona.mk\/index.php?rest_route=%2Fwp%2Fv2%2Fcategories&post=48978"},{"taxonomy":"post_tag","embeddable":true,"href":"https:\/\/radiojehona.mk\/index.php?rest_route=%2Fwp%2Fv2%2Ftags&post=48978"}],"curies":[{"name":"wp","href":"https:\/\/api.w.org\/{rel}","templated":true}]}}