{"id":48972,"date":"2026-04-07T11:13:55","date_gmt":"2026-04-07T11:13:55","guid":{"rendered":"https:\/\/radiojehona.mk\/?p=48972"},"modified":"2026-04-07T11:13:55","modified_gmt":"2026-04-07T11:13:55","slug":"ndryshojne-rregullat-e-udhetimit-drejt-europes-cfare-duhet-te-dini-para-hyrjes-ne-fuqi-te-sistemit-te-ri-me-10-prill","status":"publish","type":"post","link":"https:\/\/radiojehona.mk\/?p=48972","title":{"rendered":"Ndryshojn\u00eb rregullat e udh\u00ebtimit drejt Europ\u00ebs, \u00e7far\u00eb duhet t\u00eb dini para hyrjes n\u00eb fuqi t\u00eb sistemit t\u00eb ri m\u00eb 10 prill"},"content":{"rendered":"\n<figure class=\"wp-block-image size-large\"><img fetchpriority=\"high\" decoding=\"async\" width=\"1024\" height=\"576\" src=\"https:\/\/radiojehona.mk\/wp-content\/uploads\/2026\/04\/1366x768_cmsv2_feb5042c-d113-5961-a562-fbd908ed4ea3-9711809_sd-1024x576.webp\" alt=\"\" class=\"wp-image-48973\" srcset=\"https:\/\/radiojehona.mk\/wp-content\/uploads\/2026\/04\/1366x768_cmsv2_feb5042c-d113-5961-a562-fbd908ed4ea3-9711809_sd-1024x576.webp 1024w, https:\/\/radiojehona.mk\/wp-content\/uploads\/2026\/04\/1366x768_cmsv2_feb5042c-d113-5961-a562-fbd908ed4ea3-9711809_sd-300x169.webp 300w, https:\/\/radiojehona.mk\/wp-content\/uploads\/2026\/04\/1366x768_cmsv2_feb5042c-d113-5961-a562-fbd908ed4ea3-9711809_sd-768x432.webp 768w, https:\/\/radiojehona.mk\/wp-content\/uploads\/2026\/04\/1366x768_cmsv2_feb5042c-d113-5961-a562-fbd908ed4ea3-9711809_sd-800x450.webp 800w, https:\/\/radiojehona.mk\/wp-content\/uploads\/2026\/04\/1366x768_cmsv2_feb5042c-d113-5961-a562-fbd908ed4ea3-9711809_sd.webp 1280w\" sizes=\"(max-width: 1024px) 100vw, 1024px\" \/><\/figure>\n\n\n\n<p>Udh\u00ebtimet drejt Europ\u00ebs pritet t\u00eb ndryshojn\u00eb ndjesh\u00ebm n\u00eb dit\u00ebt n\u00eb vijim, pasi Bashkimi Europian do t\u00eb vendos\u00eb plot\u00ebsisht n\u00eb funksion sistemin e ri t\u00eb hyrje-daljeve (EES) duke nisur nga 10 prilli 2026.<\/p>\n\n\n\n<p>Ky sistem i ri, i cili filloi t\u00eb zbatohej gradualisht q\u00eb m\u00eb 12 tetor t\u00eb vitit t\u00eb kaluar n\u00eb 29 vende europiane, do t\u00eb z\u00ebvend\u00ebsoj\u00eb vulat tradicionale n\u00eb pasaport\u00eb me regjistrime digjitale t\u00eb hyrjeve dhe daljeve nga territori i BE-s\u00eb, si dhe rastet e refuzimit t\u00eb hyrjes p\u00ebr shtetasit jo t\u00eb BE-s\u00eb q\u00eb udh\u00ebtojn\u00eb p\u00ebr q\u00ebndrime afatshkurtra.<\/p>\n\n\n\n<p>N\u00eb kuad\u00ebr t\u00eb k\u00ebtij sistemi, do t\u00eb regjistrohen t\u00eb dh\u00ebna biometrike si fotografia e fytyr\u00ebs dhe gjurm\u00ebt e gisht\u00ebrinjve, s\u00eb bashku me t\u00eb dh\u00ebnat personale nga dokumenti i udh\u00ebtimit.<\/p>\n\n\n\n<p>Sistemi synon t\u00eb modernizoj\u00eb kontrollin kufitar dhe menaxhimin e migracionit n\u00eb BE, si dhe t\u00eb ndihmoj\u00eb n\u00eb luft\u00ebn kund\u00ebr krimit, mashtrimit dhe identifikimin e rreziqeve p\u00ebr sigurin\u00eb. Sipas Komisionit Europian, q\u00eb nga nisja e zbatimit, mbi 24 mij\u00eb persona jan\u00eb refuzuar n\u00eb kufi p\u00ebr arsye si dokumente t\u00eb skaduara ose t\u00eb falsifikuara, apo pamund\u00ebsi p\u00ebr t\u00eb justifikuar q\u00ebllimin e udh\u00ebtimit. Po ashtu, mbi 600 persona jan\u00eb identifikuar si rrezik p\u00ebr sigurin\u00eb.<\/p>\n\n\n\n<p>Sistemi i ri zbatohet p\u00ebr shtetasit jasht\u00eb BE-s\u00eb dhe zon\u00ebs Shengen q\u00eb udh\u00ebtojn\u00eb drejt k\u00ebtyre vendeve p\u00ebr q\u00ebndrime deri n\u00eb 90 dit\u00eb brenda nj\u00eb periudhe 180-ditore. Kjo p\u00ebrfshin edhe shtetasit britanik\u00eb dhe udh\u00ebtar\u00ebt q\u00eb nuk kan\u00eb nevoj\u00eb p\u00ebr viz\u00eb, pavar\u00ebsisht n\u00ebse udh\u00ebtojn\u00eb p\u00ebr turiz\u00ebm apo biznes. Megjithat\u00eb, Irlanda dhe Qiproja nuk do ta zbatojn\u00eb k\u00ebt\u00eb sistem dhe do t\u00eb vazhdojn\u00eb me kontrollin manual t\u00eb pasaportave.<\/p>\n\n\n\n<p>Nga ky sistem p\u00ebrjashtohen shtetasit e vendeve t\u00eb BE-s\u00eb dhe Shengenit, personat me leje q\u00ebndrimi ose viza afatgjata, si dhe familjar\u00ebt e tyre q\u00eb disponojn\u00eb kart\u00eb q\u00ebndrimi. Po ashtu, p\u00ebrjashtohen edhe disa kategori t\u00eb tjera si personeli i transportit nd\u00ebrkomb\u00ebtar, forcat e armatosura dhe banor\u00ebt lokal\u00eb me leje t\u00eb posa\u00e7me kufitare.<\/p>\n\n\n\n<p>Zbatimi i plot\u00eb i sistemit pritet t\u00eb sjell\u00eb vonesa t\u00eb konsiderueshme n\u00eb aeroporte gjat\u00eb muajve t\u00eb par\u00eb. Aktualisht, n\u00eb oraret me fluks t\u00eb lart\u00eb, pritjet mund t\u00eb shkojn\u00eb deri n\u00eb dy or\u00eb, madje n\u00eb disa aeroporte edhe m\u00eb shum\u00eb. Nj\u00eb nga arsyet kryesore \u00ebsht\u00eb se t\u00eb gjith\u00eb udh\u00ebtar\u00ebt nga vendet e treta duhet t\u00eb regjistrohen n\u00eb sistem. Ndryshe nga m\u00eb par\u00eb, autoritetet kufitare nuk do t\u00eb ken\u00eb m\u00eb mund\u00ebsi t\u00eb pezullojn\u00eb procedurat gjat\u00eb periudhave me fluks t\u00eb lart\u00eb. P\u00ebr k\u00ebt\u00eb arsye, udh\u00ebtar\u00ebve u rekomandohet t\u00eb paraqiten n\u00eb aeroport t\u00eb pakt\u00ebn 1.5 deri n\u00eb 2 or\u00eb m\u00eb her\u00ebt se zakonisht. Megjithat\u00eb, pritet q\u00eb situata t\u00eb p\u00ebrmir\u00ebsohet me kalimin e koh\u00ebs, pasi procedurat t\u00eb b\u00ebhen m\u00eb efikase.<\/p>\n\n\n\n<p>Udh\u00ebtar\u00ebt me pasaport\u00eb t\u00eb zakonshme do t\u00eb duhet t\u00eb kryejn\u00eb regjistrimin pran\u00eb sporteleve dhe t\u00eb japin t\u00eb dh\u00ebna si fotografia dhe gjurm\u00ebt e gisht\u00ebrinjve. K\u00ebto t\u00eb dh\u00ebna ruhen p\u00ebr tre vite, duke e b\u00ebr\u00eb m\u00eb t\u00eb shpejt\u00eb kalimin n\u00eb udh\u00ebtimet e ardhshme. Refuzimi p\u00ebr t\u00eb dh\u00ebn\u00eb t\u00eb dh\u00ebnat biometrike \u00e7on automatikisht n\u00eb refuzim hyrjeje. F\u00ebmij\u00ebt n\u00ebn 12 vje\u00e7 nuk jan\u00eb t\u00eb detyruar t\u00eb japin gjurm\u00eb gishtash, por duhet t\u00eb fotografohen.<\/p>\n\n\n\n<p>Regjistrimi n\u00eb sistem b\u00ebhet n\u00eb momentin e mb\u00ebrritjes n\u00eb kufi dhe nuk \u00ebsht\u00eb i nevojsh\u00ebm paraprakisht. Megjithat\u00eb, ekziston mund\u00ebsia e nj\u00eb regjistrimi t\u00eb pjessh\u00ebm p\u00ebrmes nj\u00eb aplikacioni zyrtar t\u00eb BE-s\u00eb, i cili lejon ngarkimin e t\u00eb dh\u00ebnave dhe fotografis\u00eb deri n\u00eb 72 or\u00eb para udh\u00ebtimit, duke p\u00ebrshpejtuar procedurat n\u00eb kufi. Ky aplikacion \u00ebsht\u00eb aktualisht i disponuesh\u00ebm vet\u00ebm n\u00eb disa vende dhe pritet t\u00eb zgjerohet n\u00eb t\u00eb gjith\u00eb BE-n\u00eb. Pavar\u00ebsisht k\u00ebsaj, kontrolli n\u00eb kufi mbetet i detyruesh\u00ebm p\u00ebr t\u00eb gjith\u00eb udh\u00ebtar\u00ebt.<\/p>\n","protected":false},"excerpt":{"rendered":"<p>Udh&euml;timet drejt Europ&euml;s pritet t&euml; ndryshojn&euml; ndjesh&euml;m n&euml; dit&euml;t n&euml; vijim, pasi Bashkimi Europian do t&euml; vendos&euml; plot&euml;sisht n&euml; funksion sistemin e ri t&euml; hyrje-daljeve (EES) duke nisur nga 10 prilli 2026. Ky sistem i ri, i cili filloi t&euml; zbatohej gradualisht q&euml; m&euml; 12 tetor t&euml; vitit t&euml; kaluar n&euml; 29 vende europiane, do [&hellip;]<\/p>\n","protected":false},"author":2,"featured_media":48973,"comment_status":"open","ping_status":"closed","sticky":false,"template":"","format":"standard","meta":{"_monsterinsights_skip_tracking":false,"_monsterinsights_sitenote_active":false,"_monsterinsights_sitenote_note":"","_monsterinsights_sitenote_category":0,"footnotes":""},"categories":[1],"tags":[],"class_list":["post-48972","post","type-post","status-publish","format-standard","has-post-thumbnail","hentry","category-vendi"],"_links":{"self":[{"href":"https:\/\/radiojehona.mk\/index.php?rest_route=\/wp\/v2\/posts\/48972","targetHints":{"allow":["GET"]}}],"collection":[{"href":"https:\/\/radiojehona.mk\/index.php?rest_route=\/wp\/v2\/posts"}],"about":[{"href":"https:\/\/radiojehona.mk\/index.php?rest_route=\/wp\/v2\/types\/post"}],"author":[{"embeddable":true,"href":"https:\/\/radiojehona.mk\/index.php?rest_route=\/wp\/v2\/users\/2"}],"replies":[{"embeddable":true,"href":"https:\/\/radiojehona.mk\/index.php?rest_route=%2Fwp%2Fv2%2Fcomments&post=48972"}],"version-history":[{"count":1,"href":"https:\/\/radiojehona.mk\/index.php?rest_route=\/wp\/v2\/posts\/48972\/revisions"}],"predecessor-version":[{"id":48974,"href":"https:\/\/radiojehona.mk\/index.php?rest_route=\/wp\/v2\/posts\/48972\/revisions\/48974"}],"wp:featuredmedia":[{"embeddable":true,"href":"https:\/\/radiojehona.mk\/index.php?rest_route=\/wp\/v2\/media\/48973"}],"wp:attachment":[{"href":"https:\/\/radiojehona.mk\/index.php?rest_route=%2Fwp%2Fv2%2Fmedia&parent=48972"}],"wp:term":[{"taxonomy":"category","embeddable":true,"href":"https:\/\/radiojehona.mk\/index.php?rest_route=%2Fwp%2Fv2%2Fcategories&post=48972"},{"taxonomy":"post_tag","embeddable":true,"href":"https:\/\/radiojehona.mk\/index.php?rest_route=%2Fwp%2Fv2%2Ftags&post=48972"}],"curies":[{"name":"wp","href":"https:\/\/api.w.org\/{rel}","templated":true}]}}