{"id":48969,"date":"2026-04-07T11:13:01","date_gmt":"2026-04-07T11:13:01","guid":{"rendered":"https:\/\/radiojehona.mk\/?p=48969"},"modified":"2026-04-07T11:13:02","modified_gmt":"2026-04-07T11:13:02","slug":"ishp-shendeti-publik-do-te-thote-vaksinim-uje-i-paster","status":"publish","type":"post","link":"https:\/\/radiojehona.mk\/?p=48969","title":{"rendered":"ISHP: Sh\u00ebndeti publik do t\u00eb thot\u00eb vaksinim, uj\u00eb i past\u00ebr"},"content":{"rendered":"\n<figure class=\"wp-block-image size-large\"><img fetchpriority=\"high\" decoding=\"async\" width=\"1024\" height=\"575\" src=\"https:\/\/radiojehona.mk\/wp-content\/uploads\/2026\/04\/2024-02-ishp-780x439-1-jpg-1068x600-1-1024x575.webp\" alt=\"\" class=\"wp-image-48970\" srcset=\"https:\/\/radiojehona.mk\/wp-content\/uploads\/2026\/04\/2024-02-ishp-780x439-1-jpg-1068x600-1-1024x575.webp 1024w, https:\/\/radiojehona.mk\/wp-content\/uploads\/2026\/04\/2024-02-ishp-780x439-1-jpg-1068x600-1-300x169.webp 300w, https:\/\/radiojehona.mk\/wp-content\/uploads\/2026\/04\/2024-02-ishp-780x439-1-jpg-1068x600-1-768x431.webp 768w, https:\/\/radiojehona.mk\/wp-content\/uploads\/2026\/04\/2024-02-ishp-780x439-1-jpg-1068x600-1-800x450.webp 800w, https:\/\/radiojehona.mk\/wp-content\/uploads\/2026\/04\/2024-02-ishp-780x439-1-jpg-1068x600-1.webp 1068w\" sizes=\"(max-width: 1024px) 100vw, 1024px\" \/><\/figure>\n\n\n\n<p>Zgjidhni provat dhe besoni n\u00eb fakte. Shkenca prodhon rezultate kur njohurit\u00eb zbatohen n\u00eb praktik\u00eb. Mbi 150 milion\u00eb jet\u00eb jan\u00eb shp\u00ebtuar nga vaksinimi q\u00eb nga viti 1974. Sh\u00ebndeti publik do t\u00eb thot\u00eb vaksinim, uj\u00eb i past\u00ebr, shqyrtim n\u00eb koh\u00eb dhe miliona njer\u00ebz q\u00eb jetojn\u00eb jet\u00eb m\u00eb t\u00eb gjata dhe m\u00eb t\u00eb mira, njoftoi Instituti i Sh\u00ebndetit Publik (ISHP), me rastin e Dit\u00ebs Bot\u00ebrore t\u00eb Sh\u00ebndetit.<\/p>\n\n\n\n<p>Dita Bot\u00ebrore e Sh\u00ebndetit, q\u00eb festohet tradicionalisht m\u00eb 7 prill, n\u00eb vitin 2026 d\u00ebrgon nj\u00eb mesazh dhe nj\u00eb thirrje p\u00ebr t\u00eb mb\u00ebshtetur shkenc\u00ebn. N\u00eb k\u00ebt\u00eb kontekst, tema e k\u00ebtij viti, e p\u00ebrcaktuar nga Organizata Bot\u00ebrore e Sh\u00ebndet\u00ebsis\u00eb (OBSH), \u00ebsht\u00eb: \u201cS\u00eb bashku p\u00ebr Sh\u00ebndetin. Q\u00ebndroni n\u00eb an\u00ebn e Shkenc\u00ebs\u201d, duke theksuar r\u00ebnd\u00ebsin\u00eb e bashk\u00ebpunimit shkencor n\u00eb mbrojtjen e sh\u00ebndetit dhe q\u00ebndrueshm\u00ebrin\u00eb e ekosistemeve.<\/p>\n\n\n\n<p>\u201cN\u00eb thelb, fokusi \u00ebsht\u00eb n\u00eb konceptin e \u2018Nj\u00eb Sh\u00ebndeti\u2019, nj\u00eb qasje e integruar q\u00eb thekson lidhjen e ngusht\u00eb midis njer\u00ebzve, kafsh\u00ebve, bim\u00ebve dhe planetit, duke treguar se sh\u00ebndeti buron nga sisteme komplekse dhe t\u00eb nd\u00ebrvarura. Iniciativa bashkon komunitetin global rreth mesazhit kryesor se sh\u00ebndeti nuk mund t\u00eb mbrohet pa shkenc\u00eb, bashk\u00ebpunim dhe vendime t\u00eb bazuara n\u00eb prova.<\/p>\n\n\n\n<p>N\u00eb k\u00ebt\u00eb drejtim, OBSH u b\u00ebn thirrje qeverive, shkenc\u00ebtar\u00ebve, profesionist\u00ebve t\u00eb sh\u00ebndetit, partner\u00ebve dhe publikut t\u00eb gjer\u00eb t\u00eb jen\u00eb n\u00eb an\u00ebn e shkenc\u00ebs duke p\u00ebrdorur dhe respektuar provat, faktet dhe udh\u00ebzimet e bazuara shkenc\u00ebrisht p\u00ebr mbrojtjen e sh\u00ebndetit, p\u00ebr t\u00eb rivendosur besimin n\u00eb shkenc\u00eb dhe sh\u00ebndetin publik dhe p\u00ebr t\u00eb mb\u00ebshtetur zgjidhjet e bazuara n\u00eb shkenc\u00eb p\u00ebr nj\u00eb t\u00eb ardhme m\u00eb t\u00eb sh\u00ebndetshme\u201d, thon\u00eb nga Instituti.<\/p>\n","protected":false},"excerpt":{"rendered":"<p>Zgjidhni provat dhe besoni n&euml; fakte. Shkenca prodhon rezultate kur njohurit&euml; zbatohen n&euml; praktik&euml;. Mbi 150 milion&euml; jet&euml; jan&euml; shp&euml;tuar nga vaksinimi q&euml; nga viti 1974. Sh&euml;ndeti publik do t&euml; thot&euml; vaksinim, uj&euml; i past&euml;r, shqyrtim n&euml; koh&euml; dhe miliona njer&euml;z q&euml; jetojn&euml; jet&euml; m&euml; t&euml; gjata dhe m&euml; t&euml; mira, njoftoi Instituti i Sh&euml;ndetit [&hellip;]<\/p>\n","protected":false},"author":2,"featured_media":48970,"comment_status":"open","ping_status":"closed","sticky":false,"template":"","format":"standard","meta":{"_monsterinsights_skip_tracking":false,"_monsterinsights_sitenote_active":false,"_monsterinsights_sitenote_note":"","_monsterinsights_sitenote_category":0,"footnotes":""},"categories":[1],"tags":[],"class_list":["post-48969","post","type-post","status-publish","format-standard","has-post-thumbnail","hentry","category-vendi"],"_links":{"self":[{"href":"https:\/\/radiojehona.mk\/index.php?rest_route=\/wp\/v2\/posts\/48969","targetHints":{"allow":["GET"]}}],"collection":[{"href":"https:\/\/radiojehona.mk\/index.php?rest_route=\/wp\/v2\/posts"}],"about":[{"href":"https:\/\/radiojehona.mk\/index.php?rest_route=\/wp\/v2\/types\/post"}],"author":[{"embeddable":true,"href":"https:\/\/radiojehona.mk\/index.php?rest_route=\/wp\/v2\/users\/2"}],"replies":[{"embeddable":true,"href":"https:\/\/radiojehona.mk\/index.php?rest_route=%2Fwp%2Fv2%2Fcomments&post=48969"}],"version-history":[{"count":1,"href":"https:\/\/radiojehona.mk\/index.php?rest_route=\/wp\/v2\/posts\/48969\/revisions"}],"predecessor-version":[{"id":48971,"href":"https:\/\/radiojehona.mk\/index.php?rest_route=\/wp\/v2\/posts\/48969\/revisions\/48971"}],"wp:featuredmedia":[{"embeddable":true,"href":"https:\/\/radiojehona.mk\/index.php?rest_route=\/wp\/v2\/media\/48970"}],"wp:attachment":[{"href":"https:\/\/radiojehona.mk\/index.php?rest_route=%2Fwp%2Fv2%2Fmedia&parent=48969"}],"wp:term":[{"taxonomy":"category","embeddable":true,"href":"https:\/\/radiojehona.mk\/index.php?rest_route=%2Fwp%2Fv2%2Fcategories&post=48969"},{"taxonomy":"post_tag","embeddable":true,"href":"https:\/\/radiojehona.mk\/index.php?rest_route=%2Fwp%2Fv2%2Ftags&post=48969"}],"curies":[{"name":"wp","href":"https:\/\/api.w.org\/{rel}","templated":true}]}}