{"id":48963,"date":"2026-04-07T11:07:00","date_gmt":"2026-04-07T11:07:00","guid":{"rendered":"https:\/\/radiojehona.mk\/?p=48963"},"modified":"2026-04-07T11:10:55","modified_gmt":"2026-04-07T11:10:55","slug":"arrestime-masive-neper-disa-qytete-aksion-i-madh-policor","status":"publish","type":"post","link":"https:\/\/radiojehona.mk\/?p=48963","title":{"rendered":"Arrestime masive n\u00ebp\u00ebr disa qytete, aksion i madh policor"},"content":{"rendered":"\n<figure class=\"wp-block-image size-full\"><img fetchpriority=\"high\" decoding=\"async\" width=\"696\" height=\"385\" src=\"https:\/\/radiojehona.mk\/wp-content\/uploads\/2026\/04\/policia-maqedoni-speciale-1-696x385-1.jpg\" alt=\"\" class=\"wp-image-48964\" srcset=\"https:\/\/radiojehona.mk\/wp-content\/uploads\/2026\/04\/policia-maqedoni-speciale-1-696x385-1.jpg 696w, https:\/\/radiojehona.mk\/wp-content\/uploads\/2026\/04\/policia-maqedoni-speciale-1-696x385-1-300x166.jpg 300w\" sizes=\"(max-width: 696px) 100vw, 696px\" \/><\/figure>\n\n\n\n<p>Prania e forcave t\u00eb shumta policore, forcave speciale n\u00eb terren dhe nj\u00eb aksion i koordinuar kund\u00ebr n\u00ebntok\u00ebs s\u00eb drog\u00ebs, ka zgjuar opinionin publik her\u00ebt n\u00eb m\u00ebngjesin e sot\u00ebm.<\/p>\n\n\n\n<p>\u200bJozyrtarisht, m\u00ebsohet se Ministria e Pun\u00ebve t\u00eb Brendshme \u2013 Byroja p\u00ebr Siguri Publike, p\u00ebrmes Departamentit p\u00ebr Krim t\u00eb Organizuar, s\u00eb bashku me forcat speciale policore dhe n\u00eb koordinim me Prokurorin\u00eb Themelore Publike p\u00ebr Ndjekjen e Krimit t\u00eb Organizuar dhe Korrupsionit, po zhvillon nj\u00eb aksion masiv n\u00eb Shkup, Shtip, Strumic\u00eb.<\/p>\n","protected":false},"excerpt":{"rendered":"<p>Prania e forcave t&euml; shumta policore, forcave speciale n&euml; terren dhe nj&euml; aksion i koordinuar kund&euml;r n&euml;ntok&euml;s s&euml; drog&euml;s, ka zgjuar opinionin publik her&euml;t n&euml; m&euml;ngjesin e sot&euml;m. &#8203;Jozyrtarisht, m&euml;sohet se Ministria e Pun&euml;ve t&euml; Brendshme &ndash; Byroja p&euml;r Siguri Publike, p&euml;rmes Departamentit p&euml;r Krim t&euml; Organizuar, s&euml; bashku me forcat speciale policore dhe n&euml; [&hellip;]<\/p>\n","protected":false},"author":2,"featured_media":48964,"comment_status":"open","ping_status":"closed","sticky":false,"template":"","format":"standard","meta":{"_monsterinsights_skip_tracking":false,"_monsterinsights_sitenote_active":false,"_monsterinsights_sitenote_note":"","_monsterinsights_sitenote_category":0,"footnotes":""},"categories":[1],"tags":[],"class_list":["post-48963","post","type-post","status-publish","format-standard","has-post-thumbnail","hentry","category-vendi"],"_links":{"self":[{"href":"https:\/\/radiojehona.mk\/index.php?rest_route=\/wp\/v2\/posts\/48963","targetHints":{"allow":["GET"]}}],"collection":[{"href":"https:\/\/radiojehona.mk\/index.php?rest_route=\/wp\/v2\/posts"}],"about":[{"href":"https:\/\/radiojehona.mk\/index.php?rest_route=\/wp\/v2\/types\/post"}],"author":[{"embeddable":true,"href":"https:\/\/radiojehona.mk\/index.php?rest_route=\/wp\/v2\/users\/2"}],"replies":[{"embeddable":true,"href":"https:\/\/radiojehona.mk\/index.php?rest_route=%2Fwp%2Fv2%2Fcomments&post=48963"}],"version-history":[{"count":1,"href":"https:\/\/radiojehona.mk\/index.php?rest_route=\/wp\/v2\/posts\/48963\/revisions"}],"predecessor-version":[{"id":48965,"href":"https:\/\/radiojehona.mk\/index.php?rest_route=\/wp\/v2\/posts\/48963\/revisions\/48965"}],"wp:featuredmedia":[{"embeddable":true,"href":"https:\/\/radiojehona.mk\/index.php?rest_route=\/wp\/v2\/media\/48964"}],"wp:attachment":[{"href":"https:\/\/radiojehona.mk\/index.php?rest_route=%2Fwp%2Fv2%2Fmedia&parent=48963"}],"wp:term":[{"taxonomy":"category","embeddable":true,"href":"https:\/\/radiojehona.mk\/index.php?rest_route=%2Fwp%2Fv2%2Fcategories&post=48963"},{"taxonomy":"post_tag","embeddable":true,"href":"https:\/\/radiojehona.mk\/index.php?rest_route=%2Fwp%2Fv2%2Ftags&post=48963"}],"curies":[{"name":"wp","href":"https:\/\/api.w.org\/{rel}","templated":true}]}}