{"id":48960,"date":"2026-04-07T11:06:07","date_gmt":"2026-04-07T11:06:07","guid":{"rendered":"https:\/\/radiojehona.mk\/?p=48960"},"modified":"2026-04-07T11:06:08","modified_gmt":"2026-04-07T11:06:08","slug":"abdiu-si-ka-mundesi-4-vite-studime-ne-shqip-provimi-i-jurisprodences-ne-maqedonisht","status":"publish","type":"post","link":"https:\/\/radiojehona.mk\/?p=48960","title":{"rendered":"Abdiu: Si ka mund\u00ebsi, 4 vite studime n\u00eb shqip, provimi i Jurisprodenc\u00ebs n\u00eb maqedonisht??!!"},"content":{"rendered":"\n<figure class=\"wp-block-image size-full\"><img fetchpriority=\"high\" decoding=\"async\" width=\"960\" height=\"712\" src=\"https:\/\/radiojehona.mk\/wp-content\/uploads\/2026\/04\/b2ce5cd2-c91e-4031-ab1b-6450e9c17d92-1-1.jpg\" alt=\"\" class=\"wp-image-48961\" srcset=\"https:\/\/radiojehona.mk\/wp-content\/uploads\/2026\/04\/b2ce5cd2-c91e-4031-ab1b-6450e9c17d92-1-1.jpg 960w, https:\/\/radiojehona.mk\/wp-content\/uploads\/2026\/04\/b2ce5cd2-c91e-4031-ab1b-6450e9c17d92-1-1-300x223.jpg 300w, https:\/\/radiojehona.mk\/wp-content\/uploads\/2026\/04\/b2ce5cd2-c91e-4031-ab1b-6450e9c17d92-1-1-768x570.jpg 768w\" sizes=\"(max-width: 960px) 100vw, 960px\" \/><\/figure>\n\n\n\n<p>Abdiu: Si ka mund\u00ebsi, 4 vite studime n\u00eb shqip, provimi i Jurisprodenc\u00ebs n\u00eb maqedonisht??!!<\/p>\n\n\n\n<p>Kat\u00ebr vite student n\u00eb fakultetin juridik, procesi studimor, ligjeratet, provimet ne gjuhen shqipe, ndersa provimet e Jurisprodenc\u00ebs n\u00eb gjuh\u00ebn maqedonishte?!<br>Imagjinoni me \u00e7far\u00eb problematike ballafaqohen kandidatet, t\u00eb cil\u00ebt i gjith\u00eb procesin studimor e kan\u00eb ndjekur n\u00eb gjuh\u00ebn shqipe!<\/p>\n\n\n\n<p>*Eroll Abdiu, politikan e aktivist politik<\/p>\n","protected":false},"excerpt":{"rendered":"<p>Abdiu: Si ka mund&euml;si, 4 vite studime n&euml; shqip, provimi i Jurisprodenc&euml;s n&euml; maqedonisht??!! Kat&euml;r vite student n&euml; fakultetin juridik, procesi studimor, ligjeratet, provimet ne gjuhen shqipe, ndersa provimet e Jurisprodenc&euml;s n&euml; gjuh&euml;n maqedonishte?!Imagjinoni me &ccedil;far&euml; problematike ballafaqohen kandidatet, t&euml; cil&euml;t i gjith&euml; procesin studimor e kan&euml; ndjekur n&euml; gjuh&euml;n shqipe! *Eroll Abdiu, politikan e [&hellip;]<\/p>\n","protected":false},"author":2,"featured_media":48961,"comment_status":"open","ping_status":"closed","sticky":false,"template":"","format":"standard","meta":{"_monsterinsights_skip_tracking":false,"_monsterinsights_sitenote_active":false,"_monsterinsights_sitenote_note":"","_monsterinsights_sitenote_category":0,"footnotes":""},"categories":[1],"tags":[],"class_list":["post-48960","post","type-post","status-publish","format-standard","has-post-thumbnail","hentry","category-vendi"],"_links":{"self":[{"href":"https:\/\/radiojehona.mk\/index.php?rest_route=\/wp\/v2\/posts\/48960","targetHints":{"allow":["GET"]}}],"collection":[{"href":"https:\/\/radiojehona.mk\/index.php?rest_route=\/wp\/v2\/posts"}],"about":[{"href":"https:\/\/radiojehona.mk\/index.php?rest_route=\/wp\/v2\/types\/post"}],"author":[{"embeddable":true,"href":"https:\/\/radiojehona.mk\/index.php?rest_route=\/wp\/v2\/users\/2"}],"replies":[{"embeddable":true,"href":"https:\/\/radiojehona.mk\/index.php?rest_route=%2Fwp%2Fv2%2Fcomments&post=48960"}],"version-history":[{"count":1,"href":"https:\/\/radiojehona.mk\/index.php?rest_route=\/wp\/v2\/posts\/48960\/revisions"}],"predecessor-version":[{"id":48962,"href":"https:\/\/radiojehona.mk\/index.php?rest_route=\/wp\/v2\/posts\/48960\/revisions\/48962"}],"wp:featuredmedia":[{"embeddable":true,"href":"https:\/\/radiojehona.mk\/index.php?rest_route=\/wp\/v2\/media\/48961"}],"wp:attachment":[{"href":"https:\/\/radiojehona.mk\/index.php?rest_route=%2Fwp%2Fv2%2Fmedia&parent=48960"}],"wp:term":[{"taxonomy":"category","embeddable":true,"href":"https:\/\/radiojehona.mk\/index.php?rest_route=%2Fwp%2Fv2%2Fcategories&post=48960"},{"taxonomy":"post_tag","embeddable":true,"href":"https:\/\/radiojehona.mk\/index.php?rest_route=%2Fwp%2Fv2%2Ftags&post=48960"}],"curies":[{"name":"wp","href":"https:\/\/api.w.org\/{rel}","templated":true}]}}