{"id":48957,"date":"2026-04-06T16:33:49","date_gmt":"2026-04-06T16:33:49","guid":{"rendered":"https:\/\/radiojehona.mk\/?p=48957"},"modified":"2026-04-06T16:33:50","modified_gmt":"2026-04-06T16:33:50","slug":"shtetasi-i-maqedonise-arrestohet-ne-serbi-u-kap-duke-transportuar-cigare-elektronike","status":"publish","type":"post","link":"https:\/\/radiojehona.mk\/?p=48957","title":{"rendered":"Shtetasi i Maqedonis\u00eb arrestohet n\u00eb Serbi, u kap duke transportuar cigare elektronike"},"content":{"rendered":"\n<figure class=\"wp-block-image size-full\"><img fetchpriority=\"high\" decoding=\"async\" width=\"1024\" height=\"604\" src=\"https:\/\/radiojehona.mk\/wp-content\/uploads\/2026\/04\/Screenshot-2026-04-06-130634-1068x630-1-1024x604-1.png\" alt=\"\" class=\"wp-image-48958\" srcset=\"https:\/\/radiojehona.mk\/wp-content\/uploads\/2026\/04\/Screenshot-2026-04-06-130634-1068x630-1-1024x604-1.png 1024w, https:\/\/radiojehona.mk\/wp-content\/uploads\/2026\/04\/Screenshot-2026-04-06-130634-1068x630-1-1024x604-1-300x177.png 300w, https:\/\/radiojehona.mk\/wp-content\/uploads\/2026\/04\/Screenshot-2026-04-06-130634-1068x630-1-1024x604-1-768x453.png 768w\" sizes=\"(max-width: 1024px) 100vw, 1024px\" \/><\/figure>\n\n\n\n<p>Policia e Serbis\u00eb, sipas urdhrit t\u00eb Prokuroris\u00eb Themelore n\u00eb Vranj\u00eb, kan\u00eb arrestuar nj\u00eb shtetas t\u00eb Maqedonis\u00eb s\u00eb Veriut, pasi n\u00eb automjetin e tij jan\u00eb gjetur cigare elektronike \u201cvape\u201d, q\u00eb i posedonte pa leje, me vler\u00eb prej 1,3 milion dinar\u00ebve.<\/p>\n\n\n\n<p>Personi dyshohet p\u00ebr kryerjen e vepr\u00ebs penale t\u00eb shitjes s\u00eb paligjshme t\u00eb mallrave me akciz\u00eb, njoftoi Ministria e Brendshme e Serbis\u00eb.<\/p>\n\n\n\n<p>\u201cN\u00eb Preshev\u00eb, zyrtar\u00ebt e policis\u00eb gjet\u00ebn gjithsej 1.303 cigare elektronike \u201cvape\u201d t\u00eb markave t\u00eb ndryshme n\u00eb bagazhin e automjetit t\u00eb drejtuar nga i dyshuari H.K. (31), t\u00eb cilin i kishte transportuar pa lejet dhe autorizimet e nevojshme t\u00eb l\u00ebshuara nga autoritetet kompetente t\u00eb Serbis\u00eb\u201d, thon\u00eb nga MPB-ja serbe.<\/p>\n","protected":false},"excerpt":{"rendered":"<p>Policia e Serbis&euml;, sipas urdhrit t&euml; Prokuroris&euml; Themelore n&euml; Vranj&euml;, kan&euml; arrestuar nj&euml; shtetas t&euml; Maqedonis&euml; s&euml; Veriut, pasi n&euml; automjetin e tij jan&euml; gjetur cigare elektronike &ldquo;vape&rdquo;, q&euml; i posedonte pa leje, me vler&euml; prej 1,3 milion dinar&euml;ve. Personi dyshohet p&euml;r kryerjen e vepr&euml;s penale t&euml; shitjes s&euml; paligjshme t&euml; mallrave me akciz&euml;, njoftoi [&hellip;]<\/p>\n","protected":false},"author":2,"featured_media":48958,"comment_status":"open","ping_status":"closed","sticky":false,"template":"","format":"standard","meta":{"_monsterinsights_skip_tracking":false,"_monsterinsights_sitenote_active":false,"_monsterinsights_sitenote_note":"","_monsterinsights_sitenote_category":0,"footnotes":""},"categories":[1],"tags":[],"class_list":["post-48957","post","type-post","status-publish","format-standard","has-post-thumbnail","hentry","category-vendi"],"_links":{"self":[{"href":"https:\/\/radiojehona.mk\/index.php?rest_route=\/wp\/v2\/posts\/48957","targetHints":{"allow":["GET"]}}],"collection":[{"href":"https:\/\/radiojehona.mk\/index.php?rest_route=\/wp\/v2\/posts"}],"about":[{"href":"https:\/\/radiojehona.mk\/index.php?rest_route=\/wp\/v2\/types\/post"}],"author":[{"embeddable":true,"href":"https:\/\/radiojehona.mk\/index.php?rest_route=\/wp\/v2\/users\/2"}],"replies":[{"embeddable":true,"href":"https:\/\/radiojehona.mk\/index.php?rest_route=%2Fwp%2Fv2%2Fcomments&post=48957"}],"version-history":[{"count":1,"href":"https:\/\/radiojehona.mk\/index.php?rest_route=\/wp\/v2\/posts\/48957\/revisions"}],"predecessor-version":[{"id":48959,"href":"https:\/\/radiojehona.mk\/index.php?rest_route=\/wp\/v2\/posts\/48957\/revisions\/48959"}],"wp:featuredmedia":[{"embeddable":true,"href":"https:\/\/radiojehona.mk\/index.php?rest_route=\/wp\/v2\/media\/48958"}],"wp:attachment":[{"href":"https:\/\/radiojehona.mk\/index.php?rest_route=%2Fwp%2Fv2%2Fmedia&parent=48957"}],"wp:term":[{"taxonomy":"category","embeddable":true,"href":"https:\/\/radiojehona.mk\/index.php?rest_route=%2Fwp%2Fv2%2Fcategories&post=48957"},{"taxonomy":"post_tag","embeddable":true,"href":"https:\/\/radiojehona.mk\/index.php?rest_route=%2Fwp%2Fv2%2Ftags&post=48957"}],"curies":[{"name":"wp","href":"https:\/\/api.w.org\/{rel}","templated":true}]}}