{"id":48954,"date":"2026-04-06T16:32:44","date_gmt":"2026-04-06T16:32:44","guid":{"rendered":"https:\/\/radiojehona.mk\/?p=48954"},"modified":"2026-04-06T16:32:45","modified_gmt":"2026-04-06T16:32:45","slug":"mickoski-jane-rikonstruktuar-plotesisht-6-salla-operacioni-ne-qendren-klinike-nene-tereza","status":"publish","type":"post","link":"https:\/\/radiojehona.mk\/?p=48954","title":{"rendered":"Mickoski: Jan\u00eb rikonstruktuar plot\u00ebsisht 6 salla operacioni n\u00eb Qendr\u00ebn Klinike \u201cN\u00ebn\u00eb Tereza\u201d"},"content":{"rendered":"\n<figure class=\"wp-block-image size-large\"><img fetchpriority=\"high\" decoding=\"async\" width=\"1024\" height=\"683\" src=\"https:\/\/radiojehona.mk\/wp-content\/uploads\/2026\/04\/661090818_1548017150013539_8031186818841046557_n-1024x683.jpg\" alt=\"\" class=\"wp-image-48955\" srcset=\"https:\/\/radiojehona.mk\/wp-content\/uploads\/2026\/04\/661090818_1548017150013539_8031186818841046557_n-1024x683.jpg 1024w, https:\/\/radiojehona.mk\/wp-content\/uploads\/2026\/04\/661090818_1548017150013539_8031186818841046557_n-300x200.jpg 300w, https:\/\/radiojehona.mk\/wp-content\/uploads\/2026\/04\/661090818_1548017150013539_8031186818841046557_n-768x512.jpg 768w, https:\/\/radiojehona.mk\/wp-content\/uploads\/2026\/04\/661090818_1548017150013539_8031186818841046557_n.jpg 1200w\" sizes=\"(max-width: 1024px) 100vw, 1024px\" \/><\/figure>\n\n\n\n<p>Pritet q\u00eb p\u00ebr disa muaj nga sot, t\u00eb l\u00ebshohen edhe kat\u00ebr salla, me t\u00eb cilat do t\u00eb p\u00ebrmbyllim procesin prej 10 sallash t\u00eb tilla bashk\u00ebkohore, do t\u00eb thosha, shum\u00eb moderne k\u00ebtu. Gjithashtu, pres q\u00eb nga fillimi i ver\u00ebs t\u00eb kemi mund\u00ebsin\u00eb t\u00eb shohim edhe nj\u00eb projekt tjet\u00ebr q\u00eb do t\u00eb p\u00ebrfundoj\u00eb, e ai \u00ebsht\u00eb n\u00eb spitalin \u201c8 Shtatori\u201d, \u00a0ku gjithashtu do t\u00eb kemi salla operacioni super moderne dhe me k\u00ebt\u00eb do t\u00eb jemi praktikisht shteti num\u00ebr nj\u00eb n\u00eb rajon, kur b\u00ebhet fjal\u00eb p\u00ebr k\u00ebt\u00eb lloj t\u00eb sallave t\u00eb operacionit.Kuptohet q\u00eb n\u00eb sh\u00ebndet\u00ebsi ka shum\u00eb pun\u00eb p\u00ebr t\u00eb b\u00ebr\u00eb. Kuptohet q\u00eb n\u00eb sh\u00ebndet\u00ebsi nevojiten edhe nj\u00eb pjes\u00eb e madhe e ndryshimeve fundamentale, strukturore, si n\u00eb mentalitetin e politikan\u00ebve, ashtu edhe n\u00eb mentalitetin e kuadrit.<br>Nj\u00ebkoh\u00ebsisht, duhet t\u00eb b\u00ebhen reforma, ndoshta duhet t\u00eb kemi edhe nj\u00eb qasje tjet\u00ebr n\u00eb sh\u00ebndet\u00ebsi, pasi pothuajse asgj\u00eb nuk \u00ebsht\u00eb b\u00ebr\u00eb, nd\u00ebrsa burimet jan\u00eb t\u00eb kufizuara. Q\u00ebllimi yn\u00eb \u00ebsht\u00eb t\u00eb zgjidhim problem pas problemi; p\u00ebr k\u00ebt\u00eb duhet koh\u00eb, nuk mund t\u00eb rregullohet gjith\u00e7ka dhe menj\u00ebher\u00eb. Por, kjo \u00ebsht\u00eb ajo q\u00eb \u00ebsht\u00eb.<\/p>\n\n\n\n<p>Ne si Qeveri kemi d\u00ebshir\u00eb q\u00eb nj\u00eb nga prioritetet tona kryesore t\u00eb jet\u00eb sh\u00ebndet\u00ebsia dhe n\u00eb k\u00ebt\u00eb m\u00ebnyr\u00eb do t\u00eb vazhdojm\u00eb t\u00eb veprojm\u00eb.<\/p>\n\n\n\n<p>Do t\u00eb doja q\u00eb me k\u00ebt\u00eb rast t\u2019i uroj drejtorit, drejtorit t\u00eb Fondit, gjithashtu edhe ministrit, si dhe t\u00eb gjith\u00eb atyre q\u00eb ishin t\u00eb p\u00ebrfshir\u00eb n\u00eb realizimin e k\u00ebtij projekti.<\/p>\n\n\n\n<p>Koleg\u00ebve nga Qeveria, natyrisht, t\u00eb cil\u00ebt pa dyshim japin mb\u00ebshtetje p\u00ebr k\u00ebto lloje projektesh, dhe do t\u00eb doja t\u00eb them se n\u00eb periudh\u00ebn n\u00eb vijim &nbsp;do t\u00eb g\u00ebzohemi edhe me disa projekte t\u00eb tjera t\u00eb k\u00ebsaj natyre, t\u00eb cilat do t\u00eb vihen n\u00eb funksion p\u00ebr mbrojtjen e sh\u00ebndetit t\u00eb qytetar\u00ebve, q\u00eb \u00ebsht\u00eb q\u00ebllimi yn\u00eb kryesor si Qeveri.<\/p>\n","protected":false},"excerpt":{"rendered":"<p>Pritet q&euml; p&euml;r disa muaj nga sot, t&euml; l&euml;shohen edhe kat&euml;r salla, me t&euml; cilat do t&euml; p&euml;rmbyllim procesin prej 10 sallash t&euml; tilla bashk&euml;kohore, do t&euml; thosha, shum&euml; moderne k&euml;tu. Gjithashtu, pres q&euml; nga fillimi i ver&euml;s t&euml; kemi mund&euml;sin&euml; t&euml; shohim edhe nj&euml; projekt tjet&euml;r q&euml; do t&euml; p&euml;rfundoj&euml;, e ai &euml;sht&euml; n&euml; [&hellip;]<\/p>\n","protected":false},"author":2,"featured_media":48955,"comment_status":"open","ping_status":"closed","sticky":false,"template":"","format":"standard","meta":{"_monsterinsights_skip_tracking":false,"_monsterinsights_sitenote_active":false,"_monsterinsights_sitenote_note":"","_monsterinsights_sitenote_category":0,"footnotes":""},"categories":[1],"tags":[],"class_list":["post-48954","post","type-post","status-publish","format-standard","has-post-thumbnail","hentry","category-vendi"],"_links":{"self":[{"href":"https:\/\/radiojehona.mk\/index.php?rest_route=\/wp\/v2\/posts\/48954","targetHints":{"allow":["GET"]}}],"collection":[{"href":"https:\/\/radiojehona.mk\/index.php?rest_route=\/wp\/v2\/posts"}],"about":[{"href":"https:\/\/radiojehona.mk\/index.php?rest_route=\/wp\/v2\/types\/post"}],"author":[{"embeddable":true,"href":"https:\/\/radiojehona.mk\/index.php?rest_route=\/wp\/v2\/users\/2"}],"replies":[{"embeddable":true,"href":"https:\/\/radiojehona.mk\/index.php?rest_route=%2Fwp%2Fv2%2Fcomments&post=48954"}],"version-history":[{"count":1,"href":"https:\/\/radiojehona.mk\/index.php?rest_route=\/wp\/v2\/posts\/48954\/revisions"}],"predecessor-version":[{"id":48956,"href":"https:\/\/radiojehona.mk\/index.php?rest_route=\/wp\/v2\/posts\/48954\/revisions\/48956"}],"wp:featuredmedia":[{"embeddable":true,"href":"https:\/\/radiojehona.mk\/index.php?rest_route=\/wp\/v2\/media\/48955"}],"wp:attachment":[{"href":"https:\/\/radiojehona.mk\/index.php?rest_route=%2Fwp%2Fv2%2Fmedia&parent=48954"}],"wp:term":[{"taxonomy":"category","embeddable":true,"href":"https:\/\/radiojehona.mk\/index.php?rest_route=%2Fwp%2Fv2%2Fcategories&post=48954"},{"taxonomy":"post_tag","embeddable":true,"href":"https:\/\/radiojehona.mk\/index.php?rest_route=%2Fwp%2Fv2%2Ftags&post=48954"}],"curies":[{"name":"wp","href":"https:\/\/api.w.org\/{rel}","templated":true}]}}