{"id":48951,"date":"2026-04-06T16:31:22","date_gmt":"2026-04-06T16:31:22","guid":{"rendered":"https:\/\/radiojehona.mk\/?p=48951"},"modified":"2026-04-06T16:31:22","modified_gmt":"2026-04-06T16:31:22","slug":"tragjedi-ne-kallnik-sot-i-jepet-lamtumira-e-fundit-14-vjecarit-esmer-mamuti","status":"publish","type":"post","link":"https:\/\/radiojehona.mk\/?p=48951","title":{"rendered":"Tragjedi n\u00eb Kallnik: Sot i jepet lamtumira e fundit 14-vje\u00e7arit Esmer Mamuti"},"content":{"rendered":"\n<figure class=\"wp-block-image size-full\"><img fetchpriority=\"high\" decoding=\"async\" width=\"1024\" height=\"576\" src=\"https:\/\/radiojehona.mk\/wp-content\/uploads\/2026\/04\/inbound5791766242367424837-1024x576-1.jpg\" alt=\"\" class=\"wp-image-48952\" srcset=\"https:\/\/radiojehona.mk\/wp-content\/uploads\/2026\/04\/inbound5791766242367424837-1024x576-1.jpg 1024w, https:\/\/radiojehona.mk\/wp-content\/uploads\/2026\/04\/inbound5791766242367424837-1024x576-1-300x169.jpg 300w, https:\/\/radiojehona.mk\/wp-content\/uploads\/2026\/04\/inbound5791766242367424837-1024x576-1-768x432.jpg 768w, https:\/\/radiojehona.mk\/wp-content\/uploads\/2026\/04\/inbound5791766242367424837-1024x576-1-800x450.jpg 800w\" sizes=\"(max-width: 1024px) 100vw, 1024px\" \/><\/figure>\n\n\n\n<p>Sot n\u00eb fshatin Kallnik do t\u00eb zhvillohet ceremonia e varrimit p\u00ebr 14-vje\u00e7arin Esmer Mamuti, i cili u nda nga jeta n\u00eb mosh\u00eb shum\u00eb t\u00eb re, duke l\u00ebn\u00eb pas dhimbje t\u00eb thell\u00eb te familjar\u00ebt, miqt\u00eb dhe gjith\u00eb komuniteti.\u201cT\u00eb Allahut jemi dhe pa dyshim se tek Ai do t\u00eb kthehemi. Allahu t\u00eb falt\u00eb xhennetin, zemra e xhaxhit. N\u00eb \u00e7do lot, n\u00eb \u00e7do buz\u00ebqeshje, jeta na flet p\u00ebr ty,\u201d \u2013 thuhet n\u00eb mesazhet prek\u00ebse t\u00eb familjar\u00ebve.<\/p>\n\n\n\n<p>T\u00eb af\u00ebrmit shprehen se, edhe pse u nda nga jeta pa kthim dhe n\u00eb nj\u00eb mosh\u00eb kaq t\u00eb re, Esmeri ka l\u00ebn\u00eb gjurm\u00eb t\u00eb pashlyeshme dhe nj\u00eb drit\u00eb q\u00eb nuk do t\u00eb shuhet kurr\u00eb n\u00eb zemrat e tyre.<\/p>\n\n\n\n<p>Ceremonia e varrimit do t\u00eb mbahet sot, pas namazit t\u00eb ikindis\u00eb, n\u00eb varrezat e fshatit Kallnik.<\/p>\n\n\n\n<p>Ngush\u00ebllime familjes Mamuti p\u00ebr k\u00ebt\u00eb humbje t\u00eb r\u00ebnd\u00eb.<\/p>\n","protected":false},"excerpt":{"rendered":"<p>Sot n&euml; fshatin Kallnik do t&euml; zhvillohet ceremonia e varrimit p&euml;r 14-vje&ccedil;arin Esmer Mamuti, i cili u nda nga jeta n&euml; mosh&euml; shum&euml; t&euml; re, duke l&euml;n&euml; pas dhimbje t&euml; thell&euml; te familjar&euml;t, miqt&euml; dhe gjith&euml; komuniteti.&ldquo;T&euml; Allahut jemi dhe pa dyshim se tek Ai do t&euml; kthehemi. Allahu t&euml; falt&euml; xhennetin, zemra e xhaxhit. [&hellip;]<\/p>\n","protected":false},"author":2,"featured_media":48952,"comment_status":"open","ping_status":"closed","sticky":false,"template":"","format":"standard","meta":{"_monsterinsights_skip_tracking":false,"_monsterinsights_sitenote_active":false,"_monsterinsights_sitenote_note":"","_monsterinsights_sitenote_category":0,"footnotes":""},"categories":[576],"tags":[],"class_list":["post-48951","post","type-post","status-publish","format-standard","has-post-thumbnail","hentry","category-rajoni"],"_links":{"self":[{"href":"https:\/\/radiojehona.mk\/index.php?rest_route=\/wp\/v2\/posts\/48951","targetHints":{"allow":["GET"]}}],"collection":[{"href":"https:\/\/radiojehona.mk\/index.php?rest_route=\/wp\/v2\/posts"}],"about":[{"href":"https:\/\/radiojehona.mk\/index.php?rest_route=\/wp\/v2\/types\/post"}],"author":[{"embeddable":true,"href":"https:\/\/radiojehona.mk\/index.php?rest_route=\/wp\/v2\/users\/2"}],"replies":[{"embeddable":true,"href":"https:\/\/radiojehona.mk\/index.php?rest_route=%2Fwp%2Fv2%2Fcomments&post=48951"}],"version-history":[{"count":1,"href":"https:\/\/radiojehona.mk\/index.php?rest_route=\/wp\/v2\/posts\/48951\/revisions"}],"predecessor-version":[{"id":48953,"href":"https:\/\/radiojehona.mk\/index.php?rest_route=\/wp\/v2\/posts\/48951\/revisions\/48953"}],"wp:featuredmedia":[{"embeddable":true,"href":"https:\/\/radiojehona.mk\/index.php?rest_route=\/wp\/v2\/media\/48952"}],"wp:attachment":[{"href":"https:\/\/radiojehona.mk\/index.php?rest_route=%2Fwp%2Fv2%2Fmedia&parent=48951"}],"wp:term":[{"taxonomy":"category","embeddable":true,"href":"https:\/\/radiojehona.mk\/index.php?rest_route=%2Fwp%2Fv2%2Fcategories&post=48951"},{"taxonomy":"post_tag","embeddable":true,"href":"https:\/\/radiojehona.mk\/index.php?rest_route=%2Fwp%2Fv2%2Ftags&post=48951"}],"curies":[{"name":"wp","href":"https:\/\/api.w.org\/{rel}","templated":true}]}}