{"id":48948,"date":"2026-04-06T16:30:01","date_gmt":"2026-04-06T16:30:01","guid":{"rendered":"https:\/\/radiojehona.mk\/?p=48948"},"modified":"2026-04-06T16:30:01","modified_gmt":"2026-04-06T16:30:01","slug":"spiropali-ne-mbeshtetje-te-studenteve-ne-rmv-gjuha-shqipe-eshte-e-drejte-themelore-jo-teme-diskutimi","status":"publish","type":"post","link":"https:\/\/radiojehona.mk\/?p=48948","title":{"rendered":"Spiropali n\u00eb mb\u00ebshtetje t\u00eb student\u00ebve n\u00eb RMV: Gjuha shqipe \u00ebsht\u00eb e drejt\u00eb themelore, jo tem\u00eb diskutimi"},"content":{"rendered":"\n<figure class=\"wp-block-image size-full\"><img fetchpriority=\"high\" decoding=\"async\" width=\"696\" height=\"463\" src=\"https:\/\/radiojehona.mk\/wp-content\/uploads\/2026\/04\/Elisa-Spiropali-696x463-1.jpg\" alt=\"\" class=\"wp-image-48949\" srcset=\"https:\/\/radiojehona.mk\/wp-content\/uploads\/2026\/04\/Elisa-Spiropali-696x463-1.jpg 696w, https:\/\/radiojehona.mk\/wp-content\/uploads\/2026\/04\/Elisa-Spiropali-696x463-1-300x200.jpg 300w\" sizes=\"(max-width: 696px) 100vw, 696px\" \/><\/figure>\n\n\n\n<p>Ish-ministrja e Jashtme e Shqip\u00ebris\u00eb, Elisa Spiropali, ka dal\u00eb n\u00eb mb\u00ebshtetje t\u00eb student\u00ebve shqiptar\u00eb q\u00eb do t\u00eb protestojn\u00eb sot n\u00eb Shkup p\u00ebr mbrojtjen e gjuh\u00ebs shqipe, duke e cil\u00ebsuar at\u00eb si nj\u00eb sinjal t\u00eb r\u00ebnd\u00ebsish\u00ebm p\u00ebr funksionimin e shtetit dhe respektimin e t\u00eb drejtave themelore.<\/p>\n\n\n\n<p>N\u00eb reagimin e saj, Spiropali thekson se k\u00ebrkesa p\u00ebr t\u00eb drejta q\u00eb jan\u00eb t\u00eb garantuara n\u00eb Kushtetut\u00eb dhe n\u00eb ligj, por q\u00eb ngrihen n\u00eb form\u00eb proteste, tregon qart\u00eb se ekziston nj\u00eb hendek mes parimit dhe zbatimit n\u00eb praktik\u00eb. Sipas saj, t\u00eb drejtat nuk duhet t\u00eb mbeten vet\u00ebm n\u00eb dokumente zyrtare, por duhet t\u00eb reflektohen n\u00eb jet\u00ebn e p\u00ebrditshme t\u00eb qytetar\u00ebve.<\/p>\n\n\n\n<p>\u201cGjuha shqipe nuk mund t\u00eb jet\u00eb objekt diskutimi apo kompromisi institucional, por p\u00ebrb\u00ebn nj\u00eb t\u00eb drejt\u00eb themelore q\u00eb duhet t\u00eb respektohet. N\u00eb k\u00ebt\u00eb kontekst, protesta e student\u00ebve shihet jo vet\u00ebm si nj\u00eb reagim, por si nj\u00eb thirrje p\u00ebr t\u00eb forcuar standardet demokratike dhe p\u00ebr t\u00eb garantuar barazi reale\u201d, tha ish-kryediplomatja shqiptare.<\/p>\n\n\n\n<p>Ajo shtoi se nj\u00eb shtet q\u00eb mbron dhe garanton p\u00ebrdorimin e gjuh\u00ebs, kontribuon drejtp\u00ebrdrejt n\u00eb forcimin e barazis\u00eb dhe nd\u00ebrtimin e besimit mes qytetar\u00ebve.<\/p>\n\n\n\n<p>Tutje, ajo shpreh mb\u00ebshtetje p\u00ebr student\u00ebt, duke theksuar se ata po mbrojn\u00eb jo vet\u00ebm gjuh\u00ebn, por edhe dinjitetin dhe parimet mbi t\u00eb cilat duhet t\u00eb funksionoj\u00eb nj\u00eb shoq\u00ebri e drejt\u00eb.<\/p>\n\n\n\n<p>N\u00eb p\u00ebrfundim, ish-ministrja e Jashtme shqiptare, e konsideron k\u00ebt\u00eb situat\u00eb si nj\u00eb prov\u00eb t\u00eb r\u00ebnd\u00ebsishme p\u00ebr funksionimin real t\u00eb shtetit dhe p\u00ebrkushtimin ndaj vlerave demokratike, ve\u00e7an\u00ebrisht n\u00eb kontekstin e aspiratave t\u00eb p\u00ebrbashk\u00ebta europiane t\u00eb Shqip\u00ebris\u00eb dhe Maqedonis\u00eb s\u00eb Veriut.<\/p>\n","protected":false},"excerpt":{"rendered":"<p>Ish-ministrja e Jashtme e Shqip&euml;ris&euml;, Elisa Spiropali, ka dal&euml; n&euml; mb&euml;shtetje t&euml; student&euml;ve shqiptar&euml; q&euml; do t&euml; protestojn&euml; sot n&euml; Shkup p&euml;r mbrojtjen e gjuh&euml;s shqipe, duke e cil&euml;suar at&euml; si nj&euml; sinjal t&euml; r&euml;nd&euml;sish&euml;m p&euml;r funksionimin e shtetit dhe respektimin e t&euml; drejtave themelore. N&euml; reagimin e saj, Spiropali thekson se k&euml;rkesa p&euml;r t&euml; [&hellip;]<\/p>\n","protected":false},"author":2,"featured_media":48949,"comment_status":"open","ping_status":"closed","sticky":false,"template":"","format":"standard","meta":{"_monsterinsights_skip_tracking":false,"_monsterinsights_sitenote_active":false,"_monsterinsights_sitenote_note":"","_monsterinsights_sitenote_category":0,"footnotes":""},"categories":[1],"tags":[],"class_list":["post-48948","post","type-post","status-publish","format-standard","has-post-thumbnail","hentry","category-vendi"],"_links":{"self":[{"href":"https:\/\/radiojehona.mk\/index.php?rest_route=\/wp\/v2\/posts\/48948","targetHints":{"allow":["GET"]}}],"collection":[{"href":"https:\/\/radiojehona.mk\/index.php?rest_route=\/wp\/v2\/posts"}],"about":[{"href":"https:\/\/radiojehona.mk\/index.php?rest_route=\/wp\/v2\/types\/post"}],"author":[{"embeddable":true,"href":"https:\/\/radiojehona.mk\/index.php?rest_route=\/wp\/v2\/users\/2"}],"replies":[{"embeddable":true,"href":"https:\/\/radiojehona.mk\/index.php?rest_route=%2Fwp%2Fv2%2Fcomments&post=48948"}],"version-history":[{"count":1,"href":"https:\/\/radiojehona.mk\/index.php?rest_route=\/wp\/v2\/posts\/48948\/revisions"}],"predecessor-version":[{"id":48950,"href":"https:\/\/radiojehona.mk\/index.php?rest_route=\/wp\/v2\/posts\/48948\/revisions\/48950"}],"wp:featuredmedia":[{"embeddable":true,"href":"https:\/\/radiojehona.mk\/index.php?rest_route=\/wp\/v2\/media\/48949"}],"wp:attachment":[{"href":"https:\/\/radiojehona.mk\/index.php?rest_route=%2Fwp%2Fv2%2Fmedia&parent=48948"}],"wp:term":[{"taxonomy":"category","embeddable":true,"href":"https:\/\/radiojehona.mk\/index.php?rest_route=%2Fwp%2Fv2%2Fcategories&post=48948"},{"taxonomy":"post_tag","embeddable":true,"href":"https:\/\/radiojehona.mk\/index.php?rest_route=%2Fwp%2Fv2%2Ftags&post=48948"}],"curies":[{"name":"wp","href":"https:\/\/api.w.org\/{rel}","templated":true}]}}