{"id":48942,"date":"2026-04-06T16:26:26","date_gmt":"2026-04-06T16:26:26","guid":{"rendered":"https:\/\/radiojehona.mk\/?p=48942"},"modified":"2026-04-06T16:26:26","modified_gmt":"2026-04-06T16:26:26","slug":"ademi-profesoret-pa-dallim-ideje-dhe-feje-perkrahin-zbatimin-e-ligjit-per-gjuhen-shqipe","status":"publish","type":"post","link":"https:\/\/radiojehona.mk\/?p=48942","title":{"rendered":"Ademi: Profesor\u00ebt pa dallim ideje dhe feje p\u00ebrkrahin zbatimin e ligjit p\u00ebr gjuh\u00ebn shqipe"},"content":{"rendered":"\n<figure class=\"wp-block-image size-large\"><img fetchpriority=\"high\" decoding=\"async\" width=\"1024\" height=\"1013\" src=\"https:\/\/radiojehona.mk\/wp-content\/uploads\/2026\/04\/FB_IMG_1775335099388-1024x1013.jpg\" alt=\"\" class=\"wp-image-48943\" srcset=\"https:\/\/radiojehona.mk\/wp-content\/uploads\/2026\/04\/FB_IMG_1775335099388-1024x1013.jpg 1024w, https:\/\/radiojehona.mk\/wp-content\/uploads\/2026\/04\/FB_IMG_1775335099388-300x297.jpg 300w, https:\/\/radiojehona.mk\/wp-content\/uploads\/2026\/04\/FB_IMG_1775335099388-768x760.jpg 768w, https:\/\/radiojehona.mk\/wp-content\/uploads\/2026\/04\/FB_IMG_1775335099388.jpg 1380w\" sizes=\"(max-width: 1024px) 100vw, 1024px\" \/><\/figure>\n\n\n\n<p>Arber Ademi thekson se shumica e profesor\u00ebve, pa dallim ideje, feje apo p\u00ebrkat\u00ebsie politike, mb\u00ebshtesin protest\u00ebn e paralajm\u00ebruar p\u00ebr 6 prill dhe k\u00ebrkes\u00ebn p\u00ebr zbatimin e gjuh\u00ebs shqipe n\u00eb p\u00ebrputhje me ligjin.<\/p>\n\n\n\n<p>Ai shton se t\u00eb \u00e7uditsh\u00ebm jan\u00eb ata pak profesor\u00eb q\u00eb shprehin kund\u00ebrshtim ndaj kauz\u00ebs, duke n\u00ebnvizuar unitetin dhe p\u00ebrkushtimin e komunitetit akademik n\u00eb mbrojtje t\u00eb t\u00eb drejtave t\u00eb student\u00ebve shqiptar\u00eb.<br>Ja postimi plot\u00eb:<\/p>\n\n\n\n<p>Po, e v\u00ebrtet\u00eb \u00ebsht\u00eb q\u00eb shumica e profesor\u00ebve, pa dallim ideje, feje apo p\u00ebrkat\u00ebsie politike, jan\u00eb n\u00eb mb\u00ebshtetje t\u00eb protest\u00ebs dhe n\u00eb mb\u00ebshtetje t\u00eb zbatimit t\u00eb gjuh\u00ebs shqipe ashtu si\u00e7 e parasheh ligji.<br>T\u00eb \u00e7uditsh\u00ebm jan\u00eb ata pak q\u00eb jan\u00eb kund\u00ebr.<\/p>\n","protected":false},"excerpt":{"rendered":"<p>Arber Ademi thekson se shumica e profesor&euml;ve, pa dallim ideje, feje apo p&euml;rkat&euml;sie politike, mb&euml;shtesin protest&euml;n e paralajm&euml;ruar p&euml;r 6 prill dhe k&euml;rkes&euml;n p&euml;r zbatimin e gjuh&euml;s shqipe n&euml; p&euml;rputhje me ligjin. Ai shton se t&euml; &ccedil;uditsh&euml;m jan&euml; ata pak profesor&euml; q&euml; shprehin kund&euml;rshtim ndaj kauz&euml;s, duke n&euml;nvizuar unitetin dhe p&euml;rkushtimin e komunitetit akademik n&euml; [&hellip;]<\/p>\n","protected":false},"author":2,"featured_media":48943,"comment_status":"open","ping_status":"closed","sticky":false,"template":"","format":"standard","meta":{"_monsterinsights_skip_tracking":false,"_monsterinsights_sitenote_active":false,"_monsterinsights_sitenote_note":"","_monsterinsights_sitenote_category":0,"footnotes":""},"categories":[1],"tags":[],"class_list":["post-48942","post","type-post","status-publish","format-standard","has-post-thumbnail","hentry","category-vendi"],"_links":{"self":[{"href":"https:\/\/radiojehona.mk\/index.php?rest_route=\/wp\/v2\/posts\/48942","targetHints":{"allow":["GET"]}}],"collection":[{"href":"https:\/\/radiojehona.mk\/index.php?rest_route=\/wp\/v2\/posts"}],"about":[{"href":"https:\/\/radiojehona.mk\/index.php?rest_route=\/wp\/v2\/types\/post"}],"author":[{"embeddable":true,"href":"https:\/\/radiojehona.mk\/index.php?rest_route=\/wp\/v2\/users\/2"}],"replies":[{"embeddable":true,"href":"https:\/\/radiojehona.mk\/index.php?rest_route=%2Fwp%2Fv2%2Fcomments&post=48942"}],"version-history":[{"count":1,"href":"https:\/\/radiojehona.mk\/index.php?rest_route=\/wp\/v2\/posts\/48942\/revisions"}],"predecessor-version":[{"id":48944,"href":"https:\/\/radiojehona.mk\/index.php?rest_route=\/wp\/v2\/posts\/48942\/revisions\/48944"}],"wp:featuredmedia":[{"embeddable":true,"href":"https:\/\/radiojehona.mk\/index.php?rest_route=\/wp\/v2\/media\/48943"}],"wp:attachment":[{"href":"https:\/\/radiojehona.mk\/index.php?rest_route=%2Fwp%2Fv2%2Fmedia&parent=48942"}],"wp:term":[{"taxonomy":"category","embeddable":true,"href":"https:\/\/radiojehona.mk\/index.php?rest_route=%2Fwp%2Fv2%2Fcategories&post=48942"},{"taxonomy":"post_tag","embeddable":true,"href":"https:\/\/radiojehona.mk\/index.php?rest_route=%2Fwp%2Fv2%2Ftags&post=48942"}],"curies":[{"name":"wp","href":"https:\/\/api.w.org\/{rel}","templated":true}]}}