{"id":48936,"date":"2026-04-06T16:11:07","date_gmt":"2026-04-06T16:11:07","guid":{"rendered":"https:\/\/radiojehona.mk\/?p=48936"},"modified":"2026-04-06T16:11:07","modified_gmt":"2026-04-06T16:11:07","slug":"angazhimi-qytetar-i-studenteve-meriton-vleresim","status":"publish","type":"post","link":"https:\/\/radiojehona.mk\/?p=48936","title":{"rendered":"Angazhimi qytetar i student\u00ebve meriton vler\u00ebsim"},"content":{"rendered":"\n<figure class=\"wp-block-image size-large\"><img fetchpriority=\"high\" decoding=\"async\" width=\"1024\" height=\"576\" src=\"https:\/\/radiojehona.mk\/wp-content\/uploads\/2026\/04\/meidani-1024x576.webp\" alt=\"\" class=\"wp-image-48937\" srcset=\"https:\/\/radiojehona.mk\/wp-content\/uploads\/2026\/04\/meidani-1024x576.webp 1024w, https:\/\/radiojehona.mk\/wp-content\/uploads\/2026\/04\/meidani-300x169.webp 300w, https:\/\/radiojehona.mk\/wp-content\/uploads\/2026\/04\/meidani-768x432.webp 768w, https:\/\/radiojehona.mk\/wp-content\/uploads\/2026\/04\/meidani-800x450.webp 800w, https:\/\/radiojehona.mk\/wp-content\/uploads\/2026\/04\/meidani.webp 1280w\" sizes=\"(max-width: 1024px) 100vw, 1024px\" \/><\/figure>\n\n\n\n<p>Ambasadori i Republik\u00ebs s\u00eb Shqip\u00ebris\u00eb, Denion Meidani p\u00ebrmes nj\u00eb postimi t\u00eb shp\u00ebrndar t\u00eb ministrit Hoxha ka rikonfirmuar mb\u00ebshtetjen p\u00eber student\u00ebt duke n\u00ebnvizuar se e drejta p\u00ebr p\u00ebrdorimin e gjuh\u00ebs amtare \u00ebsht\u00eb e garantuar dhe duhet t\u00eb reflektohet qart\u00eb n\u00eb praktik\u00eb, n\u00eb p\u00ebrputhje me Kushtetut\u00ebn dhe legjislacionin n\u00eb fuqi.<\/p>\n\n\n\n<p>Meidani m\u00eb tej shton se \u201cangazhimi qytetar i student\u00ebve dhe m\u00ebnyra demokratike e artikulimit t\u00eb k\u00ebrkes\u00ebs s\u00eb tyre meritojn\u00eb vler\u00ebsim. Kjo k\u00ebrkon nj\u00eb p\u00ebrgjigje institucionale t\u00eb matur, t\u00eb p\u00ebrgjegjshme dhe t\u00eb orientuar drejt zgjidhjeve t\u00eb q\u00ebndrueshme, p\u00ebrmes dialogut konstruktiv dhe respektimit t\u00eb plot\u00eb t\u00eb t\u00eb drejtave t\u00eb garantuara\u201d<\/p>\n","protected":false},"excerpt":{"rendered":"<p>Ambasadori i Republik&euml;s s&euml; Shqip&euml;ris&euml;, Denion Meidani p&euml;rmes nj&euml; postimi t&euml; shp&euml;rndar t&euml; ministrit Hoxha ka rikonfirmuar mb&euml;shtetjen p&euml;er student&euml;t duke n&euml;nvizuar se e drejta p&euml;r p&euml;rdorimin e gjuh&euml;s amtare &euml;sht&euml; e garantuar dhe duhet t&euml; reflektohet qart&euml; n&euml; praktik&euml;, n&euml; p&euml;rputhje me Kushtetut&euml;n dhe legjislacionin n&euml; fuqi. Meidani m&euml; tej shton se &ldquo;angazhimi qytetar [&hellip;]<\/p>\n","protected":false},"author":2,"featured_media":48937,"comment_status":"open","ping_status":"closed","sticky":false,"template":"","format":"standard","meta":{"_monsterinsights_skip_tracking":false,"_monsterinsights_sitenote_active":false,"_monsterinsights_sitenote_note":"","_monsterinsights_sitenote_category":0,"footnotes":""},"categories":[1],"tags":[],"class_list":["post-48936","post","type-post","status-publish","format-standard","has-post-thumbnail","hentry","category-vendi"],"_links":{"self":[{"href":"https:\/\/radiojehona.mk\/index.php?rest_route=\/wp\/v2\/posts\/48936","targetHints":{"allow":["GET"]}}],"collection":[{"href":"https:\/\/radiojehona.mk\/index.php?rest_route=\/wp\/v2\/posts"}],"about":[{"href":"https:\/\/radiojehona.mk\/index.php?rest_route=\/wp\/v2\/types\/post"}],"author":[{"embeddable":true,"href":"https:\/\/radiojehona.mk\/index.php?rest_route=\/wp\/v2\/users\/2"}],"replies":[{"embeddable":true,"href":"https:\/\/radiojehona.mk\/index.php?rest_route=%2Fwp%2Fv2%2Fcomments&post=48936"}],"version-history":[{"count":1,"href":"https:\/\/radiojehona.mk\/index.php?rest_route=\/wp\/v2\/posts\/48936\/revisions"}],"predecessor-version":[{"id":48938,"href":"https:\/\/radiojehona.mk\/index.php?rest_route=\/wp\/v2\/posts\/48936\/revisions\/48938"}],"wp:featuredmedia":[{"embeddable":true,"href":"https:\/\/radiojehona.mk\/index.php?rest_route=\/wp\/v2\/media\/48937"}],"wp:attachment":[{"href":"https:\/\/radiojehona.mk\/index.php?rest_route=%2Fwp%2Fv2%2Fmedia&parent=48936"}],"wp:term":[{"taxonomy":"category","embeddable":true,"href":"https:\/\/radiojehona.mk\/index.php?rest_route=%2Fwp%2Fv2%2Fcategories&post=48936"},{"taxonomy":"post_tag","embeddable":true,"href":"https:\/\/radiojehona.mk\/index.php?rest_route=%2Fwp%2Fv2%2Ftags&post=48936"}],"curies":[{"name":"wp","href":"https:\/\/api.w.org\/{rel}","templated":true}]}}