{"id":48933,"date":"2026-04-06T16:10:04","date_gmt":"2026-04-06T16:10:04","guid":{"rendered":"https:\/\/radiojehona.mk\/?p=48933"},"modified":"2026-04-06T16:10:04","modified_gmt":"2026-04-06T16:10:04","slug":"pajaziti-zemra-mal-me-kete-rini-qe-nuk-perkulet","status":"publish","type":"post","link":"https:\/\/radiojehona.mk\/?p=48933","title":{"rendered":"Pajaziti: Zemra mal me k\u00ebt\u00eb rini q\u00eb nuk p\u00ebrkulet!"},"content":{"rendered":"\n<figure class=\"wp-block-image size-large\"><img fetchpriority=\"high\" decoding=\"async\" width=\"1024\" height=\"576\" src=\"https:\/\/radiojehona.mk\/wp-content\/uploads\/2026\/04\/662974381_4217379398591694_672572011824857711_n-1024x576.jpg\" alt=\"\" class=\"wp-image-48934\" srcset=\"https:\/\/radiojehona.mk\/wp-content\/uploads\/2026\/04\/662974381_4217379398591694_672572011824857711_n-1024x576.jpg 1024w, https:\/\/radiojehona.mk\/wp-content\/uploads\/2026\/04\/662974381_4217379398591694_672572011824857711_n-300x169.jpg 300w, https:\/\/radiojehona.mk\/wp-content\/uploads\/2026\/04\/662974381_4217379398591694_672572011824857711_n-768x432.jpg 768w, https:\/\/radiojehona.mk\/wp-content\/uploads\/2026\/04\/662974381_4217379398591694_672572011824857711_n-1536x864.jpg 1536w, https:\/\/radiojehona.mk\/wp-content\/uploads\/2026\/04\/662974381_4217379398591694_672572011824857711_n-1280x720.jpg 1280w, https:\/\/radiojehona.mk\/wp-content\/uploads\/2026\/04\/662974381_4217379398591694_672572011824857711_n-800x450.jpg 800w, https:\/\/radiojehona.mk\/wp-content\/uploads\/2026\/04\/662974381_4217379398591694_672572011824857711_n.jpg 2048w\" sizes=\"(max-width: 1024px) 100vw, 1024px\" \/><\/figure>\n\n\n\n<p>Gazetari Naser Pajaziti ka vler\u00ebsuar lart guximin dhe masovitetin e rinis\u00eb studentore shqiptare sot n\u00eb Shkup, duke theksuar se mbrojtja e gjuh\u00ebs \u00ebsht\u00eb mbrojtje e dinjitetit komb\u00ebtar dhe t\u00eb drejt\u00ebs s\u00eb tyre akademike.<\/p>\n\n\n\n<p>Ja mesazhi i plot\u00eb:<\/p>\n\n\n\n<p>Zemra mal me k\u00ebt\u00eb rini q\u00eb nuk p\u00ebrkulet!<\/p>\n\n\n\n<p>Sot student\u00ebt shqiptar\u00eb na kujtuan se kush \u00ebsht\u00eb forca e v\u00ebrtet\u00eb e k\u00ebtij vendi. N\u00eb nj\u00eb marsh dinjitoz dhe masiv, ata u rreshtuan n\u00eb mbrojtje t\u00eb asaj q\u00eb \u00ebsht\u00eb m\u00eb e shenjt\u00eb: dinjitetit dhe gjuh\u00ebs son\u00eb amtare.<\/p>\n\n\n\n<p>Kur integriteti takon guximin, politikan\u00ebt e \u201cstivuar\u201d n\u00eb karriget e tyre e kuptojn\u00eb se llogarit\u00eb i kan\u00eb b\u00ebr\u00eb gabim. K\u00ebrkesa e student\u00ebve nuk \u00ebsht\u00eb l\u00ebshime politike, por k\u00ebrkes\u00eb p\u00ebr drejt\u00ebsi \u2013 dh\u00ebnia e provimit t\u00eb jurisprudenc\u00ebs n\u00eb gjuh\u00ebn shqipe \u00ebsht\u00eb e drejt\u00eb e garantuar me Kushtetut\u00eb, e cila nuk mund t\u00eb mbetet peng i burokracive apo vullneteve t\u00eb mbrapshta politike.<br>Nuk ka pushtet q\u00eb mposht drit\u00ebn e rinis\u00eb. Ata q\u00eb tentuan t\u2019i n\u00ebn\u00e7mojn\u00eb apo t\u2019i heshtin, sot mor\u00ebn leksionin m\u00eb t\u00eb mir\u00eb: Vendin jua treguan aty ku e keni \u2013 jasht\u00eb vullnetit t\u00eb popullit dhe larg realitetit t\u00eb k\u00ebsaj rinie q\u00eb nuk b\u00ebn kompromis me t\u00eb drejtat e saj.<br>Z\u00ebri i tyre sot ishte kumbues: Gjuha shqipe n\u00eb provimet juridike nuk \u00ebsht\u00eb d\u00ebshir\u00eb, \u00ebsht\u00eb ligj!(INA)<\/p>\n","protected":false},"excerpt":{"rendered":"<p>Gazetari Naser Pajaziti ka vler&euml;suar lart guximin dhe masovitetin e rinis&euml; studentore shqiptare sot n&euml; Shkup, duke theksuar se mbrojtja e gjuh&euml;s &euml;sht&euml; mbrojtje e dinjitetit komb&euml;tar dhe t&euml; drejt&euml;s s&euml; tyre akademike. Ja mesazhi i plot&euml;: Zemra mal me k&euml;t&euml; rini q&euml; nuk p&euml;rkulet! Sot student&euml;t shqiptar&euml; na kujtuan se kush &euml;sht&euml; forca e [&hellip;]<\/p>\n","protected":false},"author":2,"featured_media":48934,"comment_status":"open","ping_status":"closed","sticky":false,"template":"","format":"standard","meta":{"_monsterinsights_skip_tracking":false,"_monsterinsights_sitenote_active":false,"_monsterinsights_sitenote_note":"","_monsterinsights_sitenote_category":0,"footnotes":""},"categories":[1],"tags":[],"class_list":["post-48933","post","type-post","status-publish","format-standard","has-post-thumbnail","hentry","category-vendi"],"_links":{"self":[{"href":"https:\/\/radiojehona.mk\/index.php?rest_route=\/wp\/v2\/posts\/48933","targetHints":{"allow":["GET"]}}],"collection":[{"href":"https:\/\/radiojehona.mk\/index.php?rest_route=\/wp\/v2\/posts"}],"about":[{"href":"https:\/\/radiojehona.mk\/index.php?rest_route=\/wp\/v2\/types\/post"}],"author":[{"embeddable":true,"href":"https:\/\/radiojehona.mk\/index.php?rest_route=\/wp\/v2\/users\/2"}],"replies":[{"embeddable":true,"href":"https:\/\/radiojehona.mk\/index.php?rest_route=%2Fwp%2Fv2%2Fcomments&post=48933"}],"version-history":[{"count":1,"href":"https:\/\/radiojehona.mk\/index.php?rest_route=\/wp\/v2\/posts\/48933\/revisions"}],"predecessor-version":[{"id":48935,"href":"https:\/\/radiojehona.mk\/index.php?rest_route=\/wp\/v2\/posts\/48933\/revisions\/48935"}],"wp:featuredmedia":[{"embeddable":true,"href":"https:\/\/radiojehona.mk\/index.php?rest_route=\/wp\/v2\/media\/48934"}],"wp:attachment":[{"href":"https:\/\/radiojehona.mk\/index.php?rest_route=%2Fwp%2Fv2%2Fmedia&parent=48933"}],"wp:term":[{"taxonomy":"category","embeddable":true,"href":"https:\/\/radiojehona.mk\/index.php?rest_route=%2Fwp%2Fv2%2Fcategories&post=48933"},{"taxonomy":"post_tag","embeddable":true,"href":"https:\/\/radiojehona.mk\/index.php?rest_route=%2Fwp%2Fv2%2Ftags&post=48933"}],"curies":[{"name":"wp","href":"https:\/\/api.w.org\/{rel}","templated":true}]}}