{"id":43362,"date":"2025-09-10T17:40:27","date_gmt":"2025-09-10T17:40:27","guid":{"rendered":"https:\/\/radiojehona.com\/?p=43362"},"modified":"2025-09-10T17:40:27","modified_gmt":"2025-09-10T17:40:27","slug":"skandali-i-pergjimeve-6-deputete-hyne-ne-hapesirat-e-ask-se","status":"publish","type":"post","link":"https:\/\/radiojehona.mk\/?p=43362","title":{"rendered":"Skandali i p\u00ebrgjimeve, 6 deputet\u00eb hyn\u00eb n\u00eb hap\u00ebsirat e ASK-s\u00eb"},"content":{"rendered":"\n<figure class=\"wp-block-image size-large\"><img fetchpriority=\"high\" decoding=\"async\" width=\"1024\" height=\"721\" src=\"https:\/\/radiojehona.com\/wp-content\/uploads\/2025\/09\/IMG_2523-1024x721.jpeg\" alt=\"\" class=\"wp-image-43363\" srcset=\"https:\/\/radiojehona.mk\/wp-content\/uploads\/2025\/09\/IMG_2523-1024x721.jpeg 1024w, https:\/\/radiojehona.mk\/wp-content\/uploads\/2025\/09\/IMG_2523-300x211.jpeg 300w, https:\/\/radiojehona.mk\/wp-content\/uploads\/2025\/09\/IMG_2523-768x541.jpeg 768w, https:\/\/radiojehona.mk\/wp-content\/uploads\/2025\/09\/IMG_2523.jpeg 1125w\" sizes=\"(max-width: 1024px) 100vw, 1024px\" \/><\/figure>\n\n\n\n<p>Gjasht\u00eb deputet\u00eb, nga t\u00eb cil\u00ebt vet\u00ebm Sllavjanka Petrovska deputete opozitare hyn\u00eb n\u00eb hap\u00ebsirat e Agjencis\u00eb p\u00ebr Siguri Komb\u00ebtare p\u00ebr t\u00eb m\u00ebsuar gjendjen brenda k\u00ebtij institucioni pas shp\u00ebrthimit t\u00eb skandalit p\u00ebr p\u00ebrgjime. Vendimi erdhi n\u00eb mbledhjen e komisionit p\u00ebr mbik\u00ebqyrjen e pun\u00ebs s\u00eb ASK-s\u00eb. P\u00ebr socialdemokrat\u00ebt me r\u00ebnd\u00ebsi \u00ebsht\u00eb deklasfikimi i informacioneve, n\u00eb t\u00eb kund\u00ebrt\u00ebn skandali do t\u00eb vazhdoj\u00eb t\u00eb mbetet shkak p\u00ebrplasjeje midis oponent\u00ebve politik\u00eb. Deputetja Sllavjanka Petrovska do t\u00eb k\u00ebrkoj\u00eb qasje n\u00eb t\u00eb gjitha dokumentet me interes, duke ia bashk\u00ebngjitur edhe 30 pyetje.<\/p>\n\n\n\n<p>\u201cNj\u00ebra nga pyetjet q\u00eb do t\u00eb parashtroj, e p\u00ebr fat t\u00eb keq n\u00ebse mbledhja \u00ebsht\u00eb e klasifikuar nuk do t\u00eb mund t\u2019ua jap p\u00ebrgjigjen, \u00ebsht\u00eb se \u00e7far\u00eb ka ndodhur me poligrafin, i cili apostrofohet si ky\u00e7 n\u00eb zbatimin e testeve poligrafike. T\u00eb thuhet n\u00ebse \u00ebsht\u00eb ende n\u00eb pun\u00eb, n\u00ebse ka ikur n\u00ebn trysni, e k\u00ebshtu me radh\u00eb. Pastaj, \u00e7far\u00eb ka ndodhur me shefin e kontrollit t\u00eb brendsh\u00ebm, p\u00ebrse ai \u00ebsht\u00eb nd\u00ebrruar para se t\u00eb nis\u00eb ky kontroll i brendsh\u00ebm n\u00eb Agjenci, e k\u00ebshtu me radh\u00eb.\u201d, \u2013 deklaroi deputetja e LSDM-s\u00eb, Sllavjanka Petrovska.<\/p>\n\n\n\n<p>P\u00ebr VMRO-DPMNE-n\u00eb me r\u00ebnd\u00ebsi \u00ebsht\u00eb konstatimi i gjendjes faktike brenda mureve t\u00eb Agjencis\u00eb me zgjidhje institucionale.<\/p>\n\n\n\n<p>\u201cT\u00eb shohim se kush dhe sa ka qen\u00eb i targetuar, t\u00eb shohim se cilat masa jan\u00eb shfryt\u00ebzuar ndaj opozit\u00ebs s\u00eb at\u00ebhershme, t\u00eb shohim se \u00e7far\u00eb \u00ebsht\u00eb d\u00ebrguar n\u00eb Prokurori dhe p\u00ebrfundimisht k\u00ebto institucione t\u00eb zgjidhin k\u00ebt\u00eb rast, q\u00eb asnj\u00ebher\u00eb m\u00eb t\u00eb mos na ndodh\u00eb. Konsideroj se sh\u00ebrbimet duhet t\u00eb jen\u00eb roje t\u00eb shtetit e jo gjenerues t\u00eb krizave.\u201d, \u2013 theksoi deputeti i VMRO \u2013 DPMNE-s\u00eb, Lup\u00e7o Prenxhov.<\/p>\n\n\n\n<p>Deputetja e s\u00eb Majt\u00ebs, Jovana Mojsoska, kund\u00ebrshtoi mbik\u00ebqyrjet n\u00eb munges\u00eb t\u00eb certifikat\u00ebs p\u00ebr sigurim p\u00ebr sekrete shtet\u00ebrore.<\/p>\n\n\n\n<p>\u201cNuk e di n\u00ebse ky \u00ebsht\u00eb nj\u00eb revanshiz\u00ebm politik, pasi e Majta, e para zbardhi skandalin me diplom\u00ebn e drejtorit t\u00eb ASK-s\u00eb dhe tani un\u00eb nuk mund t\u00eb ushtroj funksionin tim t\u00eb deputetit.\u201d, \u2013 u shpreh deputetja e s\u00eb Majt\u00ebs, Jovana Mojsoska.<\/p>\n\n\n\n<p>Edhe p\u00ebr deputetin e BDI-s\u00eb, Blerim Bexheti, i cili drejtoi mbledhjen e komisionit n\u00eb vend t\u00eb kryetarit t\u00eb komisionit, Skender Rexhepi, \u00ebsht\u00eb e pakuptimt\u00eb mospasja e certifikat\u00ebs s\u00eb siguris\u00eb.<\/p>\n\n\n\n<p>\u201cKjo shumic\u00eb parlamentare miraton shum\u00eb ligje. Ja, k\u00ebtu publikisht u b\u00ebj ftes\u00eb q\u00eb deputet\u00ebt me automatiz\u00ebm t\u00eb ken\u00eb certifikat\u00eb sigurie dhe t\u00eb ken\u00eb qasje n\u00eb informacionet e klasifikuara.\u201d, \u2013 deklaroi deputeti i BDI-s\u00eb, Blerim Bexheti.<\/p>\n\n\n\n<p>Komisioni vendosi q\u00eb t\u00eb enjten n\u00eb mesdit\u00eb t\u00eb b\u00ebj\u00eb mbik\u00ebqyrjen e hap\u00ebsirave t\u00eb Agjencis\u00eb s\u00eb Zbulimit. Mbik\u00ebqyrja e pun\u00ebs s\u00eb agjencive erdhi pas deklarimit publik t\u00eb kryeministrit dhe drejtorit t\u00eb ASK-s\u00eb, Bojan Hristovski, se brenda agjencis\u00eb, nj\u00eb ish-drejtor dhe grup i t\u00eb pun\u00ebsuarve kan\u00eb qen\u00eb t\u00eb p\u00ebrfshir\u00eb n\u00eb p\u00ebrgjime n\u00eb periudh\u00ebn 2019 \u2013 2024. D\u00ebshmit\u00eb e tilla jan\u00eb n\u00eb duar t\u00eb Prokuroris\u00eb, e cila po kryen procedur\u00eb parahetimore.<\/p>\n","protected":false},"excerpt":{"rendered":"<p>Gjasht&euml; deputet&euml;, nga t&euml; cil&euml;t vet&euml;m Sllavjanka Petrovska deputete opozitare hyn&euml; n&euml; hap&euml;sirat e Agjencis&euml; p&euml;r Siguri Komb&euml;tare p&euml;r t&euml; m&euml;suar gjendjen brenda k&euml;tij institucioni pas shp&euml;rthimit t&euml; skandalit p&euml;r p&euml;rgjime. Vendimi erdhi n&euml; mbledhjen e komisionit p&euml;r mbik&euml;qyrjen e pun&euml;s s&euml; ASK-s&euml;. P&euml;r socialdemokrat&euml;t me r&euml;nd&euml;si &euml;sht&euml; deklasfikimi i informacioneve, n&euml; t&euml; kund&euml;rt&euml;n skandali [&hellip;]<\/p>\n","protected":false},"author":2,"featured_media":43363,"comment_status":"open","ping_status":"closed","sticky":false,"template":"","format":"standard","meta":{"_monsterinsights_skip_tracking":false,"_monsterinsights_sitenote_active":false,"_monsterinsights_sitenote_note":"","_monsterinsights_sitenote_category":0,"footnotes":""},"categories":[1],"tags":[],"class_list":["post-43362","post","type-post","status-publish","format-standard","has-post-thumbnail","hentry","category-vendi"],"_links":{"self":[{"href":"https:\/\/radiojehona.mk\/index.php?rest_route=\/wp\/v2\/posts\/43362","targetHints":{"allow":["GET"]}}],"collection":[{"href":"https:\/\/radiojehona.mk\/index.php?rest_route=\/wp\/v2\/posts"}],"about":[{"href":"https:\/\/radiojehona.mk\/index.php?rest_route=\/wp\/v2\/types\/post"}],"author":[{"embeddable":true,"href":"https:\/\/radiojehona.mk\/index.php?rest_route=\/wp\/v2\/users\/2"}],"replies":[{"embeddable":true,"href":"https:\/\/radiojehona.mk\/index.php?rest_route=%2Fwp%2Fv2%2Fcomments&post=43362"}],"version-history":[{"count":1,"href":"https:\/\/radiojehona.mk\/index.php?rest_route=\/wp\/v2\/posts\/43362\/revisions"}],"predecessor-version":[{"id":43364,"href":"https:\/\/radiojehona.mk\/index.php?rest_route=\/wp\/v2\/posts\/43362\/revisions\/43364"}],"wp:featuredmedia":[{"embeddable":true,"href":"https:\/\/radiojehona.mk\/index.php?rest_route=\/wp\/v2\/media\/43363"}],"wp:attachment":[{"href":"https:\/\/radiojehona.mk\/index.php?rest_route=%2Fwp%2Fv2%2Fmedia&parent=43362"}],"wp:term":[{"taxonomy":"category","embeddable":true,"href":"https:\/\/radiojehona.mk\/index.php?rest_route=%2Fwp%2Fv2%2Fcategories&post=43362"},{"taxonomy":"post_tag","embeddable":true,"href":"https:\/\/radiojehona.mk\/index.php?rest_route=%2Fwp%2Fv2%2Ftags&post=43362"}],"curies":[{"name":"wp","href":"https:\/\/api.w.org\/{rel}","templated":true}]}}