{"id":43359,"date":"2025-09-10T17:22:09","date_gmt":"2025-09-10T17:22:09","guid":{"rendered":"https:\/\/radiojehona.com\/?p=43359"},"modified":"2025-09-10T17:22:10","modified_gmt":"2025-09-10T17:22:10","slug":"nato-rrezon-drone-ruse-ne-hapesiren-ajrore-polake-akuza-te-forta-moskes","status":"publish","type":"post","link":"https:\/\/radiojehona.mk\/?p=43359","title":{"rendered":"NATO rr\u00ebzon dron\u00eb rus\u00eb n\u00eb hap\u00ebsir\u00ebn ajrore polake, akuza t\u00eb forta Mosk\u00ebs"},"content":{"rendered":"\n<figure class=\"wp-block-image size-large\"><img fetchpriority=\"high\" decoding=\"async\" width=\"1024\" height=\"561\" src=\"https:\/\/radiojehona.com\/wp-content\/uploads\/2025\/09\/IMG_2522-1024x561.jpeg\" alt=\"\" class=\"wp-image-43360\" srcset=\"https:\/\/radiojehona.mk\/wp-content\/uploads\/2025\/09\/IMG_2522-1024x561.jpeg 1024w, https:\/\/radiojehona.mk\/wp-content\/uploads\/2025\/09\/IMG_2522-300x164.jpeg 300w, https:\/\/radiojehona.mk\/wp-content\/uploads\/2025\/09\/IMG_2522-768x421.jpeg 768w, https:\/\/radiojehona.mk\/wp-content\/uploads\/2025\/09\/IMG_2522.jpeg 1125w\" sizes=\"(max-width: 1024px) 100vw, 1024px\" \/><\/figure>\n\n\n\n<p>N\u00eb nj\u00eb zhvillim t\u00eb paprecedent\u00eb q\u00eb rrit ndjesh\u00ebm tensionet n\u00eb Evrop\u00ebn Lindore, avion\u00ebt luftarak\u00eb t\u00eb NATO-s kan\u00eb rr\u00ebzuar disa dron\u00eb rus\u00eb q\u00eb shkel\u00ebn hap\u00ebsir\u00ebn ajrore t\u00eb Polonis\u00eb gjat\u00eb nj\u00eb sulmi ajror t\u00eb koordinuar ndaj Ukrain\u00ebs n\u00eb or\u00ebt e para t\u00eb m\u00ebngjesit t\u00eb s\u00eb m\u00ebrkur\u00ebs.<\/p>\n\n\n\n<p>Kjo \u00ebsht\u00eb hera e par\u00eb q\u00eb NATO ka nd\u00ebrmarr\u00eb nj\u00eb veprim t\u00eb till\u00eb ushtarak q\u00eb nga nisja e luft\u00ebs n\u00eb Ukrain\u00eb. N\u00eb operacionin e nd\u00ebrhyrjes mor\u00ebn pjes\u00eb avion\u00eb F-16 polak\u00eb, F-35 holandez\u00eb, nj\u00eb avion paralajm\u00ebrimi i hersh\u00ebm italian, sistemet mbrojt\u00ebse Patriot gjermane dhe nj\u00eb avion furnizimi nga forcat shum\u00ebkomb\u00ebshe t\u00eb NATO-s.<\/p>\n\n\n\n<p>Duke folur para parlamentit polak, Kryeministri Donald Tusk tha se situata \u00ebsht\u00eb jasht\u00ebzakonisht e rrezikshme dhe Polonia ndodhet m\u00eb af\u00ebr nj\u00eb konflikti t\u00eb armatosur se \u00e7do her\u00eb tjet\u00ebr q\u00eb nga Lufta e Dyt\u00eb Bot\u00ebrore. Ai e cil\u00ebsoi Rusin\u00eb si \u201cnj\u00eb armik q\u00eb nuk fsheh m\u00eb q\u00ebllimet e tij armiq\u00ebsore.\u201d<\/p>\n\n\n\n<p>Tusk konfirmoi gjithashtu se Polonia ka aktivizuar Nenin 4 t\u00eb Traktatit t\u00eb NATO-s, q\u00eb detyron aleanc\u00ebn t\u00eb mblidhet p\u00ebr t\u00eb diskutuar rreth rrezikut dhe hapave t\u00eb m\u00ebtejsh\u00ebm.<\/p>\n\n\n\n<p>Sipas autoriteteve polake, jan\u00eb regjistruar 19 shkelje t\u00eb hap\u00ebsir\u00ebs ajrore, shumica e t\u00eb cilave besohet se kan\u00eb ardhur nga territori i Bjellorusis\u00eb. Dron\u00ebt kan\u00eb q\u00ebndruar n\u00eb hap\u00ebsir\u00ebn ajrore polake p\u00ebr m\u00eb shum\u00eb se 6 or\u00eb, nga ora 23:30 t\u00eb mart\u00ebn deri n\u00eb 06:30 t\u00eb m\u00ebngjesit t\u00eb s\u00eb m\u00ebrkur\u00ebs.<\/p>\n\n\n\n<p>Ministria e Brendshme njoftoi se jan\u00eb gjetur mbetjet e 7 dron\u00ebve dhe nj\u00eb raket\u00eb t\u00eb paidentifikuar. Nj\u00eb nga dron\u00ebt ka goditur nj\u00eb sht\u00ebpi n\u00eb fshatin Wyryki, pran\u00eb kufirit me Ukrain\u00ebn dhe Bjellorusin\u00eb, nd\u00ebrsa mbetje t\u00eb tjera jan\u00eb zbuluar pran\u00eb nj\u00eb varreze n\u00eb Cze\u015bniki.<\/p>\n\n\n\n<p>Sekretari i P\u00ebrgjithsh\u00ebm i NATO-s, Mark Rutte, deklaroi se shkelja e hap\u00ebsir\u00ebs ajrore nuk \u00ebsht\u00eb nj\u00eb incident i izoluar, duke shtuar:<br>\u201cN\u00ebse ishte apo jo e q\u00ebllimshme, \u00ebsht\u00eb nj\u00eb veprim absolutisht i pamatur dhe shum\u00eb i rreziksh\u00ebm.\u201d<\/p>\n\n\n\n<p>Ministri gjerman i Mbrojtjes, Boris Pistorius, e cil\u00ebsoi situat\u00ebn si nj\u00eb provokim t\u00eb q\u00ebllimsh\u00ebm, nd\u00ebrsa krer\u00eb t\u00eb mbrojtjes nga Franca, Italia dhe Mbret\u00ebria e Bashkuar shpreh\u00ebn solidaritetin dhe gatishm\u00ebrin\u00eb p\u00ebr t\u00eb mb\u00ebshtetur Polonin\u00eb.<\/p>\n\n\n\n<p>Ministria e Mbrojtjes s\u00eb Rusis\u00eb tha se sulmi ishte i drejtuar vet\u00ebm ndaj Ukrain\u00ebs dhe dron\u00ebt nuk kishin kapacitete t\u00eb kalonin mbi 700 km. Nd\u00ebrkoh\u00eb, Ministria e Jashtme ruse i quajti pretendimet e Polonis\u00eb \u201cmitet e radh\u00ebs p\u00ebr t\u00eb p\u00ebrshkall\u00ebzuar kriz\u00ebn\u201d.<\/p>\n\n\n\n<p>Presidenti ukrainas Volodymyr Zelensky e quajti shkeljen e hap\u00ebsir\u00ebs ajrore polake \u201cnj\u00eb hap t\u00eb rreziksh\u00ebm drejt p\u00ebrshkall\u00ebzimit t\u00eb luft\u00ebs\u201d dhe k\u00ebrkoi nj\u00eb reagim t\u00eb fort\u00eb nga aleat\u00ebt per\u00ebndimor\u00eb.<\/p>\n\n\n\n<p>Nd\u00ebrkoh\u00eb, Ukraina vazhdoi t\u00eb p\u00ebrballet me nj\u00eb nga sulmet m\u00eb t\u00eb m\u00ebdha t\u00eb koh\u00ebve t\u00eb fundit, ku gjat\u00eb nat\u00ebs s\u00eb kaluar u l\u00ebshuan 415 dron\u00eb dhe 40 raketa ndaj objekteve civile dhe qeveritare n\u00eb gjith\u00eb vendin.<\/p>\n\n\n\n<p>N\u00eb nj\u00eb tjet\u00ebr zhvillim t\u00eb r\u00ebnd\u00ebsish\u00ebm, Polonia ka vendosur t\u00eb mbyll\u00eb kufirin lindor me Bjellorusin\u00eb, p\u00ebrfshir\u00eb edhe kalimet hekurudhore, p\u00ebr shkak t\u00eb st\u00ebrvitjeve t\u00eb p\u00ebrbashk\u00ebta ushtarake Rusi-Bjellorusi t\u00eb quajtura \u201cZapad 25\u201d, t\u00eb cilat pritet t\u00eb fillojn\u00eb t\u00eb premten.<\/p>\n\n\n\n<p>Autoritetet polake kan\u00eb mbyllur p\u00ebrkoh\u00ebsisht hap\u00ebsir\u00ebn ajrore mbi aeroportin e Varshav\u00ebs dhe aeroporte t\u00eb tjera m\u00eb t\u00eb vogla p\u00ebr arsye sigurie. Hetimet p\u00ebr shkeljet e fundit dhe k\u00ebrkimi p\u00ebr mbetjet e dron\u00ebve t\u00eb rr\u00ebzuar jan\u00eb ende n\u00eb zhvillim.<\/p>\n","protected":false},"excerpt":{"rendered":"<p>N&euml; nj&euml; zhvillim t&euml; paprecedent&euml; q&euml; rrit ndjesh&euml;m tensionet n&euml; Evrop&euml;n Lindore, avion&euml;t luftarak&euml; t&euml; NATO-s kan&euml; rr&euml;zuar disa dron&euml; rus&euml; q&euml; shkel&euml;n hap&euml;sir&euml;n ajrore t&euml; Polonis&euml; gjat&euml; nj&euml; sulmi ajror t&euml; koordinuar ndaj Ukrain&euml;s n&euml; or&euml;t e para t&euml; m&euml;ngjesit t&euml; s&euml; m&euml;rkur&euml;s. Kjo &euml;sht&euml; hera e par&euml; q&euml; NATO ka nd&euml;rmarr&euml; nj&euml; veprim [&hellip;]<\/p>\n","protected":false},"author":2,"featured_media":43360,"comment_status":"open","ping_status":"closed","sticky":false,"template":"","format":"standard","meta":{"_monsterinsights_skip_tracking":false,"_monsterinsights_sitenote_active":false,"_monsterinsights_sitenote_note":"","_monsterinsights_sitenote_category":0,"footnotes":""},"categories":[569],"tags":[],"class_list":["post-43359","post","type-post","status-publish","format-standard","has-post-thumbnail","hentry","category-bota"],"_links":{"self":[{"href":"https:\/\/radiojehona.mk\/index.php?rest_route=\/wp\/v2\/posts\/43359","targetHints":{"allow":["GET"]}}],"collection":[{"href":"https:\/\/radiojehona.mk\/index.php?rest_route=\/wp\/v2\/posts"}],"about":[{"href":"https:\/\/radiojehona.mk\/index.php?rest_route=\/wp\/v2\/types\/post"}],"author":[{"embeddable":true,"href":"https:\/\/radiojehona.mk\/index.php?rest_route=\/wp\/v2\/users\/2"}],"replies":[{"embeddable":true,"href":"https:\/\/radiojehona.mk\/index.php?rest_route=%2Fwp%2Fv2%2Fcomments&post=43359"}],"version-history":[{"count":1,"href":"https:\/\/radiojehona.mk\/index.php?rest_route=\/wp\/v2\/posts\/43359\/revisions"}],"predecessor-version":[{"id":43361,"href":"https:\/\/radiojehona.mk\/index.php?rest_route=\/wp\/v2\/posts\/43359\/revisions\/43361"}],"wp:featuredmedia":[{"embeddable":true,"href":"https:\/\/radiojehona.mk\/index.php?rest_route=\/wp\/v2\/media\/43360"}],"wp:attachment":[{"href":"https:\/\/radiojehona.mk\/index.php?rest_route=%2Fwp%2Fv2%2Fmedia&parent=43359"}],"wp:term":[{"taxonomy":"category","embeddable":true,"href":"https:\/\/radiojehona.mk\/index.php?rest_route=%2Fwp%2Fv2%2Fcategories&post=43359"},{"taxonomy":"post_tag","embeddable":true,"href":"https:\/\/radiojehona.mk\/index.php?rest_route=%2Fwp%2Fv2%2Ftags&post=43359"}],"curies":[{"name":"wp","href":"https:\/\/api.w.org\/{rel}","templated":true}]}}