{"id":43340,"date":"2025-09-10T08:45:52","date_gmt":"2025-09-10T08:45:52","guid":{"rendered":"https:\/\/radiojehona.com\/?p=43340"},"modified":"2025-09-10T08:45:53","modified_gmt":"2025-09-10T08:45:53","slug":"parlamenti-evropian-kritikon-ashper-vucic-dhuna-ndaj-protestuesve-dhe-kontrolli-i-medias-e-pengojne-serbine-drejt-be-se","status":"publish","type":"post","link":"https:\/\/radiojehona.mk\/?p=43340","title":{"rendered":"Parlamenti Evropian kritikon ashp\u00ebr Vu\u00e7i\u00e7: Dhuna ndaj protestuesve dhe kontrolli i medias e pengojn\u00eb Serbin\u00eb drejt BE-s\u00eb"},"content":{"rendered":"\n<figure class=\"wp-block-image size-large\"><img fetchpriority=\"high\" decoding=\"async\" width=\"1024\" height=\"578\" src=\"https:\/\/radiojehona.com\/wp-content\/uploads\/2025\/09\/IMG_2515-1024x578.jpeg\" alt=\"\" class=\"wp-image-43341\" srcset=\"https:\/\/radiojehona.mk\/wp-content\/uploads\/2025\/09\/IMG_2515-1024x578.jpeg 1024w, https:\/\/radiojehona.mk\/wp-content\/uploads\/2025\/09\/IMG_2515-300x169.jpeg 300w, https:\/\/radiojehona.mk\/wp-content\/uploads\/2025\/09\/IMG_2515-768x433.jpeg 768w, https:\/\/radiojehona.mk\/wp-content\/uploads\/2025\/09\/IMG_2515.jpeg 1125w\" sizes=\"(max-width: 1024px) 100vw, 1024px\" \/><\/figure>\n\n\n\n<p>N\u00eb debatin e sot\u00ebm mbi Serbin\u00eb n\u00eb Parlamentin Evropian, raportuesi Tonino Picula u shpreh se \u201cBrukseli nuk duhet t\u2019i ofroj\u00eb karota Vu\u00e7i\u00e7it q\u00eb ai t\u00eb mund t\u2019i rrah\u00eb qytetar\u00ebt e tij\u201d. Ai akuzoi presidentin serb p\u00ebr p\u00ebrshkall\u00ebzimin e dhun\u00ebs ndaj protestuesve, sulmet ndaj gazetar\u00ebve dhe p\u00ebrpjekjet p\u00ebr t\u00eb kontrolluar plot\u00ebsisht median, duke n\u00ebnvizuar munges\u00ebn e reformave reale dhe respektimit t\u00eb kritereve evropiane.<\/p>\n\n\n\n<p>Eurodeputet\u00eb nga grupet kryesore t\u00eb PE-s\u00eb shpreh\u00ebn shqet\u00ebsim t\u00eb thell\u00eb p\u00ebr situat\u00ebn n\u00eb Serbi. Davor Ivor \u0160tir nga Partia Popullore Evropiane theksoi se niveli i dhun\u00ebs dhe represionit \u00ebsht\u00eb rritur pas tragjedis\u00eb s\u00eb Novi Sadit dhe paralajm\u00ebroi masa ndaj partis\u00eb n\u00eb pushtet SNS. Vladimir Prebili\u00e7 i Gjelb\u00ebrve dhe Aleanc\u00ebs s\u00eb Lir\u00eb k\u00ebrkoi q\u00eb BE-ja t\u00eb ndaloj\u00eb mb\u00ebshtetjen p\u00ebr Vu\u00e7i\u00e7in, duke theksuar se student\u00ebt dhe opozita demokratike po vuajn\u00eb nga sulmet ndaj tyre.<\/p>\n\n\n\n<p>Thomas Weiz n\u00ebnvizoi se qytetar\u00ebt serb\u00eb duhet t\u00eb rr\u00ebzojn\u00eb qeverin\u00eb autoritare p\u00ebr t\u00eb siguruar nj\u00eb t\u00eb ardhme m\u00eb t\u00eb mir\u00eb, nd\u00ebrsa Andreas Schieder e quajti situat\u00ebn paradoksale dhe k\u00ebrkoi sanksione t\u00eb synuara kund\u00ebr regjimit t\u00eb Vu\u00e7i\u00e7it. Reinhold Lopatka deklaroi se Serbia nuk po ndjek rrug\u00ebn e duhur drejt BE-s\u00eb, duke d\u00ebnuar p\u00ebrdorimin joproporcional t\u00eb forc\u00ebs ndaj protestuesve paq\u00ebsor\u00eb.<\/p>\n\n\n\n<p>Eurodeputet\u00eb t\u00eb tjer\u00eb, p\u00ebrfshir\u00eb Alexandra Moretti dhe Matja\u017e Nemec, vun\u00eb n\u00eb dukje se fjal\u00ebt e BE-s\u00eb jan\u00eb t\u00eb pamjaftueshme pa veprime konkrete, nd\u00ebrsa populli serb vazhdon t\u00eb luftoj\u00eb p\u00ebr zgjedhje t\u00eb lira dhe sundim t\u00eb ligjit. Lukas Sieper nga Gjermania paralajm\u00ebroi se betejat demokratike n\u00eb Serbi jan\u00eb tani n\u00eb duart e t\u00eb rinjve, dhe Vu\u00e7i\u00e7 do t\u00eb mbahet p\u00ebrgjegj\u00ebs nga qytetar\u00ebt n\u00ebse dhuna dhe represioni vazhdojn\u00eb.<\/p>\n","protected":false},"excerpt":{"rendered":"<p>N&euml; debatin e sot&euml;m mbi Serbin&euml; n&euml; Parlamentin Evropian, raportuesi Tonino Picula u shpreh se &ldquo;Brukseli nuk duhet t&rsquo;i ofroj&euml; karota Vu&ccedil;i&ccedil;it q&euml; ai t&euml; mund t&rsquo;i rrah&euml; qytetar&euml;t e tij&rdquo;. Ai akuzoi presidentin serb p&euml;r p&euml;rshkall&euml;zimin e dhun&euml;s ndaj protestuesve, sulmet ndaj gazetar&euml;ve dhe p&euml;rpjekjet p&euml;r t&euml; kontrolluar plot&euml;sisht median, duke n&euml;nvizuar munges&euml;n e [&hellip;]<\/p>\n","protected":false},"author":2,"featured_media":43341,"comment_status":"open","ping_status":"closed","sticky":false,"template":"","format":"standard","meta":{"_monsterinsights_skip_tracking":false,"_monsterinsights_sitenote_active":false,"_monsterinsights_sitenote_note":"","_monsterinsights_sitenote_category":0,"footnotes":""},"categories":[576],"tags":[],"class_list":["post-43340","post","type-post","status-publish","format-standard","has-post-thumbnail","hentry","category-rajoni"],"_links":{"self":[{"href":"https:\/\/radiojehona.mk\/index.php?rest_route=\/wp\/v2\/posts\/43340","targetHints":{"allow":["GET"]}}],"collection":[{"href":"https:\/\/radiojehona.mk\/index.php?rest_route=\/wp\/v2\/posts"}],"about":[{"href":"https:\/\/radiojehona.mk\/index.php?rest_route=\/wp\/v2\/types\/post"}],"author":[{"embeddable":true,"href":"https:\/\/radiojehona.mk\/index.php?rest_route=\/wp\/v2\/users\/2"}],"replies":[{"embeddable":true,"href":"https:\/\/radiojehona.mk\/index.php?rest_route=%2Fwp%2Fv2%2Fcomments&post=43340"}],"version-history":[{"count":1,"href":"https:\/\/radiojehona.mk\/index.php?rest_route=\/wp\/v2\/posts\/43340\/revisions"}],"predecessor-version":[{"id":43342,"href":"https:\/\/radiojehona.mk\/index.php?rest_route=\/wp\/v2\/posts\/43340\/revisions\/43342"}],"wp:featuredmedia":[{"embeddable":true,"href":"https:\/\/radiojehona.mk\/index.php?rest_route=\/wp\/v2\/media\/43341"}],"wp:attachment":[{"href":"https:\/\/radiojehona.mk\/index.php?rest_route=%2Fwp%2Fv2%2Fmedia&parent=43340"}],"wp:term":[{"taxonomy":"category","embeddable":true,"href":"https:\/\/radiojehona.mk\/index.php?rest_route=%2Fwp%2Fv2%2Fcategories&post=43340"},{"taxonomy":"post_tag","embeddable":true,"href":"https:\/\/radiojehona.mk\/index.php?rest_route=%2Fwp%2Fv2%2Ftags&post=43340"}],"curies":[{"name":"wp","href":"https:\/\/api.w.org\/{rel}","templated":true}]}}