{"id":43336,"date":"2025-09-10T08:43:09","date_gmt":"2025-09-10T08:43:09","guid":{"rendered":"https:\/\/radiojehona.com\/?p=43336"},"modified":"2025-09-10T08:43:10","modified_gmt":"2025-09-10T08:43:10","slug":"vlen-gjithandej-atmosfere-pozitive-fitore-plebishitare-me-19-tetor","status":"publish","type":"post","link":"https:\/\/radiojehona.mk\/?p=43336","title":{"rendered":"VLEN: Gjithandej atmosfer\u00eb pozitive, fitore plebishitare m\u00eb 19 tetor!"},"content":{"rendered":"\n<figure class=\"wp-block-image size-large\"><img fetchpriority=\"high\" decoding=\"async\" width=\"1024\" height=\"578\" src=\"https:\/\/radiojehona.com\/wp-content\/uploads\/2025\/09\/IMG_2514-1024x578.jpeg\" alt=\"\" class=\"wp-image-43337\" srcset=\"https:\/\/radiojehona.mk\/wp-content\/uploads\/2025\/09\/IMG_2514-1024x578.jpeg 1024w, https:\/\/radiojehona.mk\/wp-content\/uploads\/2025\/09\/IMG_2514-300x169.jpeg 300w, https:\/\/radiojehona.mk\/wp-content\/uploads\/2025\/09\/IMG_2514-768x433.jpeg 768w, https:\/\/radiojehona.mk\/wp-content\/uploads\/2025\/09\/IMG_2514.jpeg 1125w\" sizes=\"(max-width: 1024px) 100vw, 1024px\" \/><\/figure>\n\n\n\n<p>VLEN \u00e7do dit\u00eb po e d\u00ebshmon se \u00ebsht\u00eb forca e vetme q\u00eb ka sjell\u00eb frym\u00eb t\u00eb re dhe atmosfer\u00eb pozitive n\u00eb \u00e7do komun\u00eb shqiptare. Nga \u00c7airi, Tetova, Gostivari, Struga e Likova e deri n\u00eb vendbanimin m\u00eb t\u00eb larg\u00ebt, mobilizimi i qytetar\u00ebve \u00ebsht\u00eb i papar\u00eb dhe fitorja plebishitare m\u00eb 19 tetor tashm\u00eb shihet qart\u00eb.<\/p>\n\n\n\n<p>Qytetar\u00ebt e kan\u00eb kuptuar dallimin mes pun\u00ebs s\u00eb VLEN-it dhe mashtrimeve t\u00eb BDI\/AKI-s\u00eb. \u201cReferendumin\u201d q\u00eb ata e p\u00ebrmendin, nuk \u00ebsht\u00eb gj\u00eb tjet\u00ebr ve\u00e7se p\u00ebrpjekje p\u00ebr mbijetes\u00eb politike t\u00eb nj\u00eb strukture t\u00eb konsumuar e t\u00eb kriminalizuar. P\u00ebr m\u00eb shum\u00eb se dy dekada kjo parti u mbajt n\u00eb pushtet me g\u00ebnjeshtra, projekte t\u00eb parealizuara dhe me keqp\u00ebrdorim t\u00eb besimit t\u00eb shqiptar\u00ebve.<\/p>\n\n\n\n<p>Sot, \u00e7do tubim i VLEN-it \u00ebsht\u00eb shnd\u00ebrruar n\u00eb shpres\u00eb, nd\u00ebrsa \u00e7do takim n\u00eb terren \u00ebsht\u00eb d\u00ebshmi e besimit t\u00eb pal\u00ebkundur q\u00eb njer\u00ebzit kan\u00eb tek kandidat\u00ebt e saj.<\/p>\n\n\n\n<p>VLEN \u00ebsht\u00eb garancia se k\u00ebrkesat e qytetar\u00ebve do t\u00eb p\u00ebrmbushen, projektet do t\u00eb realizohen dhe z\u00ebri i secilit do t\u00eb d\u00ebgjohet. Kjo \u00ebsht\u00eb arsyeja pse 19 tetori do t\u00eb sh\u00ebnoj\u00eb fundin e mashtrimit politik t\u00eb BDI\/AKI-s\u00eb dhe fillimin e nj\u00eb epoke t\u00eb re t\u00eb zhvillimit p\u00ebr shqiptar\u00ebt n\u00eb \u00e7do komun\u00eb.<\/p>\n","protected":false},"excerpt":{"rendered":"<p>VLEN &ccedil;do dit&euml; po e d&euml;shmon se &euml;sht&euml; forca e vetme q&euml; ka sjell&euml; frym&euml; t&euml; re dhe atmosfer&euml; pozitive n&euml; &ccedil;do komun&euml; shqiptare. Nga &Ccedil;airi, Tetova, Gostivari, Struga e Likova e deri n&euml; vendbanimin m&euml; t&euml; larg&euml;t, mobilizimi i qytetar&euml;ve &euml;sht&euml; i papar&euml; dhe fitorja plebishitare m&euml; 19 tetor tashm&euml; shihet qart&euml;. Qytetar&euml;t e [&hellip;]<\/p>\n","protected":false},"author":2,"featured_media":43337,"comment_status":"open","ping_status":"closed","sticky":false,"template":"","format":"standard","meta":{"_monsterinsights_skip_tracking":false,"_monsterinsights_sitenote_active":false,"_monsterinsights_sitenote_note":"","_monsterinsights_sitenote_category":0,"footnotes":""},"categories":[1],"tags":[],"class_list":["post-43336","post","type-post","status-publish","format-standard","has-post-thumbnail","hentry","category-vendi"],"_links":{"self":[{"href":"https:\/\/radiojehona.mk\/index.php?rest_route=\/wp\/v2\/posts\/43336","targetHints":{"allow":["GET"]}}],"collection":[{"href":"https:\/\/radiojehona.mk\/index.php?rest_route=\/wp\/v2\/posts"}],"about":[{"href":"https:\/\/radiojehona.mk\/index.php?rest_route=\/wp\/v2\/types\/post"}],"author":[{"embeddable":true,"href":"https:\/\/radiojehona.mk\/index.php?rest_route=\/wp\/v2\/users\/2"}],"replies":[{"embeddable":true,"href":"https:\/\/radiojehona.mk\/index.php?rest_route=%2Fwp%2Fv2%2Fcomments&post=43336"}],"version-history":[{"count":1,"href":"https:\/\/radiojehona.mk\/index.php?rest_route=\/wp\/v2\/posts\/43336\/revisions"}],"predecessor-version":[{"id":43338,"href":"https:\/\/radiojehona.mk\/index.php?rest_route=\/wp\/v2\/posts\/43336\/revisions\/43338"}],"wp:featuredmedia":[{"embeddable":true,"href":"https:\/\/radiojehona.mk\/index.php?rest_route=\/wp\/v2\/media\/43337"}],"wp:attachment":[{"href":"https:\/\/radiojehona.mk\/index.php?rest_route=%2Fwp%2Fv2%2Fmedia&parent=43336"}],"wp:term":[{"taxonomy":"category","embeddable":true,"href":"https:\/\/radiojehona.mk\/index.php?rest_route=%2Fwp%2Fv2%2Fcategories&post=43336"},{"taxonomy":"post_tag","embeddable":true,"href":"https:\/\/radiojehona.mk\/index.php?rest_route=%2Fwp%2Fv2%2Ftags&post=43336"}],"curies":[{"name":"wp","href":"https:\/\/api.w.org\/{rel}","templated":true}]}}