{"id":43332,"date":"2025-09-10T08:41:40","date_gmt":"2025-09-10T08:41:40","guid":{"rendered":"https:\/\/radiojehona.com\/?p=43332"},"modified":"2025-09-10T08:41:40","modified_gmt":"2025-09-10T08:41:40","slug":"bdi-a-po-behet-maqedonia-republika-e-trete-serbe","status":"publish","type":"post","link":"https:\/\/radiojehona.mk\/?p=43332","title":{"rendered":"BDI: A po b\u00ebhet Maqedonia \u201cRepublika e tret\u00eb serbe\u201d?"},"content":{"rendered":"\n<figure class=\"wp-block-image size-large\"><img fetchpriority=\"high\" decoding=\"async\" width=\"1024\" height=\"682\" src=\"https:\/\/radiojehona.com\/wp-content\/uploads\/2025\/09\/IMG_2513-1024x682.jpeg\" alt=\"\" class=\"wp-image-43333\" srcset=\"https:\/\/radiojehona.mk\/wp-content\/uploads\/2025\/09\/IMG_2513-1024x682.jpeg 1024w, https:\/\/radiojehona.mk\/wp-content\/uploads\/2025\/09\/IMG_2513-300x200.jpeg 300w, https:\/\/radiojehona.mk\/wp-content\/uploads\/2025\/09\/IMG_2513-768x511.jpeg 768w, https:\/\/radiojehona.mk\/wp-content\/uploads\/2025\/09\/IMG_2513.jpeg 1125w\" sizes=\"(max-width: 1024px) 100vw, 1024px\" \/><\/figure>\n\n\n\n<p>Bashkimi Demokratik p\u00ebr Integrim shpreh shqet\u00ebsim t\u00eb thell\u00eb dhe alarmon opinionin publik se Maqedonia e Veriut po p\u00ebrballet me nj\u00eb ofensiv\u00eb t\u00eb hapur t\u00eb projektit fam\u00ebkeq t\u00eb \u201cBot\u00ebs Serbe\u201d. Ky projekt po manifestohet gjithnj\u00eb e m\u00eb shpesh n\u00eb m\u00ebnyr\u00eb zyrtare, me pranin\u00eb dhe, fatkeq\u00ebsisht, me bekimin e p\u00ebrfaq\u00ebsuesve shtet\u00ebror\u00eb t\u00eb vendit ton\u00eb.<\/p>\n\n\n\n<figure class=\"wp-block-image\"><img decoding=\"async\" src=\"https:\/\/ads.tetovasot.com\/www\/delivery\/lg.php?bannerid=0&amp;campaignid=0&amp;zoneid=276&amp;loc=https%3A%2F%2Ftetovasot.com%2F2025%2F09%2Fbdi-a-po-behet-maqedonia-republika-e-trete-serbe%2F&amp;referer=https%3A%2F%2Ffax.al%2F&amp;cb=96f8896085\" alt=\"\"\/><\/figure>\n\n\n\n<figure class=\"wp-block-image\"><img decoding=\"async\" src=\"https:\/\/ads.tetovasot.com\/www\/delivery\/lg.php?bannerid=0&amp;campaignid=0&amp;zoneid=218&amp;loc=https%3A%2F%2Ftetovasot.com%2F2025%2F09%2Fbdi-a-po-behet-maqedonia-republika-e-trete-serbe%2F&amp;referer=https%3A%2F%2Ffax.al%2F&amp;cb=285d48b2a5\" alt=\"\"\/><\/figure>\n\n\n\n<p>Pas festimeve n\u00eb Manastir, ku delegacioni i lart\u00eb i Serbis\u00eb, bashk\u00eb me ministra dhe zyrtar\u00eb t\u00eb Qeveris\u00eb son\u00eb, n\u00ebn petkun e \u201cFrontit t\u00eb Selanikut\u201d kremtuan pushtimin serb t\u00eb territoreve tona, m\u00eb 7 shtator 2025 n\u00eb Kajmak\u00e7alan d\u00ebgjuam edhe nj\u00eb deklarat\u00eb skandaloze t\u00eb ministrit serb t\u00eb Mbrojtjes, Bratislav Gashi\u00e7, i cili foli p\u00ebr \u201crrug\u00ebn e liris\u00eb\u201d dhe \u201ckthimin n\u00eb atdhe\u201d t\u00eb ushtris\u00eb serbe n\u00eb tok\u00ebn e Maqedonis\u00eb.<\/p>\n\n\n\n<figure class=\"wp-block-image\"><img decoding=\"async\" src=\"https:\/\/ads.tetovasot.com\/www\/delivery\/lg.php?bannerid=0&amp;campaignid=0&amp;zoneid=189&amp;loc=https%3A%2F%2Ftetovasot.com%2F2025%2F09%2Fbdi-a-po-behet-maqedonia-republika-e-trete-serbe%2F&amp;referer=https%3A%2F%2Ffax.al%2F&amp;cb=d529e69fad\" alt=\"\"\/><\/figure>\n\n\n\n<figure class=\"wp-block-image\"><img decoding=\"async\" src=\"https:\/\/ads.tetovasot.com\/www\/delivery\/lg.php?bannerid=0&amp;campaignid=0&amp;zoneid=226&amp;loc=https%3A%2F%2Ftetovasot.com%2F2025%2F09%2Fbdi-a-po-behet-maqedonia-republika-e-trete-serbe%2F&amp;referer=https%3A%2F%2Ffax.al%2F&amp;cb=ac9e6f38b6\" alt=\"\"\/><\/figure>\n\n\n\n<p>Pjes\u00ebmarrja e institucioneve tona n\u00eb k\u00ebto skenar\u00eb \u00ebsht\u00eb jo vet\u00ebm provokim i r\u00ebnd\u00eb historik dhe politik, por edhe p\u00ebrpjekje p\u00ebr t\u00eb relativizuar sovranitetin e shtetit ton\u00eb, duke e paraqitur Maqedonin\u00eb e Veriut si \u201cRepublika e tret\u00eb serbe\u201d.<br>Kjo \u00ebsht\u00eb e papranueshme. \u00cbsht\u00eb k\u00ebrc\u00ebnim direkt ndaj identitetit, stabilitetit shtet\u00ebror dhe orientimit euroatlantik t\u00eb vendit.<\/p>\n\n\n\n<figure class=\"wp-block-image\"><img decoding=\"async\" src=\"https:\/\/ads.tetovasot.com\/www\/delivery\/lg.php?bannerid=0&amp;campaignid=0&amp;zoneid=276&amp;loc=https%3A%2F%2Ftetovasot.com%2F2025%2F09%2Fbdi-a-po-behet-maqedonia-republika-e-trete-serbe%2F&amp;referer=https%3A%2F%2Ffax.al%2F&amp;cb=a614baf2b1\" alt=\"\"\/><\/figure>\n\n\n\n<p>BDI thekson qart\u00eb: projekti i \u201cBot\u00ebs Serbe\u201d \u00ebsht\u00eb armiq\u00ebsor p\u00ebr Maqedonin\u00eb e Veriut. Marr\u00ebveshja e Ohrit, kohezioni multietnik dhe rruga jon\u00eb e pakthyeshme drejt Bashkimit Evropian jan\u00eb garancia jon\u00eb e vetme p\u00ebr nj\u00eb t\u00eb ardhme t\u00eb sigurt. \u00c7do tentativ\u00eb p\u00ebr t\u2019i minuar k\u00ebto vlera do t\u00eb has\u00eb n\u00eb kund\u00ebrshtimin ton\u00eb t\u00eb vendosur, pa kompromis.<\/p>\n\n\n\n<figure class=\"wp-block-image\"><img decoding=\"async\" src=\"https:\/\/ads.tetovasot.com\/www\/delivery\/lg.php?bannerid=0&amp;campaignid=0&amp;zoneid=276&amp;loc=https%3A%2F%2Ftetovasot.com%2F2025%2F09%2Fbdi-a-po-behet-maqedonia-republika-e-trete-serbe%2F&amp;referer=https%3A%2F%2Ffax.al%2F&amp;cb=65f1549c31\" alt=\"\"\/><\/figure>\n\n\n\n<p>Maqedonia e Veriut nuk \u00ebsht\u00eb, dhe kurr\u00eb nuk do t\u00eb b\u00ebhet \u201cRepublika e tret\u00eb serbe\u201d!<\/p>\n","protected":false},"excerpt":{"rendered":"<p>Bashkimi Demokratik p&euml;r Integrim shpreh shqet&euml;sim t&euml; thell&euml; dhe alarmon opinionin publik se Maqedonia e Veriut po p&euml;rballet me nj&euml; ofensiv&euml; t&euml; hapur t&euml; projektit fam&euml;keq t&euml; &ldquo;Bot&euml;s Serbe&rdquo;. Ky projekt po manifestohet gjithnj&euml; e m&euml; shpesh n&euml; m&euml;nyr&euml; zyrtare, me pranin&euml; dhe, fatkeq&euml;sisht, me bekimin e p&euml;rfaq&euml;suesve shtet&euml;ror&euml; t&euml; vendit ton&euml;. Pas festimeve n&euml; [&hellip;]<\/p>\n","protected":false},"author":2,"featured_media":43333,"comment_status":"open","ping_status":"closed","sticky":false,"template":"","format":"standard","meta":{"_monsterinsights_skip_tracking":false,"_monsterinsights_sitenote_active":false,"_monsterinsights_sitenote_note":"","_monsterinsights_sitenote_category":0,"footnotes":""},"categories":[1],"tags":[],"class_list":["post-43332","post","type-post","status-publish","format-standard","has-post-thumbnail","hentry","category-vendi"],"_links":{"self":[{"href":"https:\/\/radiojehona.mk\/index.php?rest_route=\/wp\/v2\/posts\/43332","targetHints":{"allow":["GET"]}}],"collection":[{"href":"https:\/\/radiojehona.mk\/index.php?rest_route=\/wp\/v2\/posts"}],"about":[{"href":"https:\/\/radiojehona.mk\/index.php?rest_route=\/wp\/v2\/types\/post"}],"author":[{"embeddable":true,"href":"https:\/\/radiojehona.mk\/index.php?rest_route=\/wp\/v2\/users\/2"}],"replies":[{"embeddable":true,"href":"https:\/\/radiojehona.mk\/index.php?rest_route=%2Fwp%2Fv2%2Fcomments&post=43332"}],"version-history":[{"count":1,"href":"https:\/\/radiojehona.mk\/index.php?rest_route=\/wp\/v2\/posts\/43332\/revisions"}],"predecessor-version":[{"id":43334,"href":"https:\/\/radiojehona.mk\/index.php?rest_route=\/wp\/v2\/posts\/43332\/revisions\/43334"}],"wp:featuredmedia":[{"embeddable":true,"href":"https:\/\/radiojehona.mk\/index.php?rest_route=\/wp\/v2\/media\/43333"}],"wp:attachment":[{"href":"https:\/\/radiojehona.mk\/index.php?rest_route=%2Fwp%2Fv2%2Fmedia&parent=43332"}],"wp:term":[{"taxonomy":"category","embeddable":true,"href":"https:\/\/radiojehona.mk\/index.php?rest_route=%2Fwp%2Fv2%2Fcategories&post=43332"},{"taxonomy":"post_tag","embeddable":true,"href":"https:\/\/radiojehona.mk\/index.php?rest_route=%2Fwp%2Fv2%2Ftags&post=43332"}],"curies":[{"name":"wp","href":"https:\/\/api.w.org\/{rel}","templated":true}]}}