{"id":43326,"date":"2025-09-09T17:56:19","date_gmt":"2025-09-09T17:56:19","guid":{"rendered":"https:\/\/radiojehona.com\/?p=43326"},"modified":"2025-09-09T17:56:19","modified_gmt":"2025-09-09T17:56:19","slug":"pas-ndarjes-nga-meritoni-ilnisa-ne-nje-lidhje-te-re-dashurie","status":"publish","type":"post","link":"https:\/\/radiojehona.mk\/?p=43326","title":{"rendered":"Pas ndarjes nga Meritoni, Ilnisa n\u00eb nj\u00eb lidhje t\u00eb re dashurie"},"content":{"rendered":"\n<figure class=\"wp-block-image size-large\"><img fetchpriority=\"high\" decoding=\"async\" width=\"1024\" height=\"566\" src=\"https:\/\/radiojehona.com\/wp-content\/uploads\/2025\/09\/IMG_2510-1024x566.jpeg\" alt=\"\" class=\"wp-image-43327\" srcset=\"https:\/\/radiojehona.mk\/wp-content\/uploads\/2025\/09\/IMG_2510-1024x566.jpeg 1024w, https:\/\/radiojehona.mk\/wp-content\/uploads\/2025\/09\/IMG_2510-300x166.jpeg 300w, https:\/\/radiojehona.mk\/wp-content\/uploads\/2025\/09\/IMG_2510-768x425.jpeg 768w, https:\/\/radiojehona.mk\/wp-content\/uploads\/2025\/09\/IMG_2510.jpeg 1125w\" sizes=\"(max-width: 1024px) 100vw, 1024px\" \/><\/figure>\n\n\n\n<p>Gazetarja Ilnisa Agolli, para pak minutash ka b\u00ebr\u00eb nj\u00eb postim t\u00eb ve\u00e7ant\u00eb n\u00eb rrjetet sociale.<\/p>\n\n\n\n<p>Ajo ka publikuar disa fotografi, ku shihet se ka marr nj\u00eb dhurat\u00eb romantike, nj\u00eb buqet\u00eb me lule n\u00eb form\u00eb zemre.<ins><\/ins><\/p>\n\n\n\n<p>Zakonisht kjo dhurat\u00eb merret nga personi i zemr\u00ebs dhe Ilnisa sapo konfirmoi se ka nisur nj\u00eb lidhje t\u00eb re dashurie pasi edhe p\u00ebrshkrimi q\u00eb ka vendosur n\u00eb postimin e b\u00ebr\u00eb, at\u00eb l\u00eb t\u00eb kuptohet.<\/p>\n","protected":false},"excerpt":{"rendered":"<p>Gazetarja Ilnisa Agolli, para pak minutash ka b&euml;r&euml; nj&euml; postim t&euml; ve&ccedil;ant&euml; n&euml; rrjetet sociale. Ajo ka publikuar disa fotografi, ku shihet se ka marr nj&euml; dhurat&euml; romantike, nj&euml; buqet&euml; me lule n&euml; form&euml; zemre. Zakonisht kjo dhurat&euml; merret nga personi i zemr&euml;s dhe Ilnisa sapo konfirmoi se ka nisur nj&euml; lidhje t&euml; re dashurie [&hellip;]<\/p>\n","protected":false},"author":2,"featured_media":43327,"comment_status":"open","ping_status":"closed","sticky":false,"template":"","format":"standard","meta":{"_monsterinsights_skip_tracking":false,"_monsterinsights_sitenote_active":false,"_monsterinsights_sitenote_note":"","_monsterinsights_sitenote_category":0,"footnotes":""},"categories":[7],"tags":[],"class_list":["post-43326","post","type-post","status-publish","format-standard","has-post-thumbnail","hentry","category-showbizz"],"_links":{"self":[{"href":"https:\/\/radiojehona.mk\/index.php?rest_route=\/wp\/v2\/posts\/43326","targetHints":{"allow":["GET"]}}],"collection":[{"href":"https:\/\/radiojehona.mk\/index.php?rest_route=\/wp\/v2\/posts"}],"about":[{"href":"https:\/\/radiojehona.mk\/index.php?rest_route=\/wp\/v2\/types\/post"}],"author":[{"embeddable":true,"href":"https:\/\/radiojehona.mk\/index.php?rest_route=\/wp\/v2\/users\/2"}],"replies":[{"embeddable":true,"href":"https:\/\/radiojehona.mk\/index.php?rest_route=%2Fwp%2Fv2%2Fcomments&post=43326"}],"version-history":[{"count":1,"href":"https:\/\/radiojehona.mk\/index.php?rest_route=\/wp\/v2\/posts\/43326\/revisions"}],"predecessor-version":[{"id":43328,"href":"https:\/\/radiojehona.mk\/index.php?rest_route=\/wp\/v2\/posts\/43326\/revisions\/43328"}],"wp:featuredmedia":[{"embeddable":true,"href":"https:\/\/radiojehona.mk\/index.php?rest_route=\/wp\/v2\/media\/43327"}],"wp:attachment":[{"href":"https:\/\/radiojehona.mk\/index.php?rest_route=%2Fwp%2Fv2%2Fmedia&parent=43326"}],"wp:term":[{"taxonomy":"category","embeddable":true,"href":"https:\/\/radiojehona.mk\/index.php?rest_route=%2Fwp%2Fv2%2Fcategories&post=43326"},{"taxonomy":"post_tag","embeddable":true,"href":"https:\/\/radiojehona.mk\/index.php?rest_route=%2Fwp%2Fv2%2Ftags&post=43326"}],"curies":[{"name":"wp","href":"https:\/\/api.w.org\/{rel}","templated":true}]}}