{"id":43320,"date":"2025-09-09T17:48:21","date_gmt":"2025-09-09T17:48:21","guid":{"rendered":"https:\/\/radiojehona.com\/?p=43320"},"modified":"2025-09-09T17:48:21","modified_gmt":"2025-09-09T17:48:21","slug":"viktima-dhe-shifra-rekord-te-rasteve-me-covid-ne-itali","status":"publish","type":"post","link":"https:\/\/radiojehona.mk\/?p=43320","title":{"rendered":"Viktima dhe shifra rekord t\u00eb rasteve me Covid n\u00eb Itali"},"content":{"rendered":"\n<figure class=\"wp-block-image size-large\"><img fetchpriority=\"high\" decoding=\"async\" width=\"1024\" height=\"644\" src=\"https:\/\/radiojehona.com\/wp-content\/uploads\/2025\/09\/IMG_2508-1024x644.jpeg\" alt=\"\" class=\"wp-image-43321\" srcset=\"https:\/\/radiojehona.mk\/wp-content\/uploads\/2025\/09\/IMG_2508-1024x644.jpeg 1024w, https:\/\/radiojehona.mk\/wp-content\/uploads\/2025\/09\/IMG_2508-300x189.jpeg 300w, https:\/\/radiojehona.mk\/wp-content\/uploads\/2025\/09\/IMG_2508-768x483.jpeg 768w, https:\/\/radiojehona.mk\/wp-content\/uploads\/2025\/09\/IMG_2508.jpeg 1125w\" sizes=\"(max-width: 1024px) 100vw, 1024px\" \/><\/figure>\n\n\n\n<p>Jav\u00ebn e fundit n\u00eb Itali u regjistruan 2,052 raste t\u00eb reja t\u00eb Covid-it, me nj\u00eb rritje prej 47% krahasuar me jav\u00ebn e kaluar. Kjo \u00ebsht\u00eb ajo q\u00eb del nga raporti i fundit nga Ministria e Sh\u00ebndet\u00ebsis\u00eb, sipas t\u00eb cil\u00ebs ky \u00ebsht\u00eb numri m\u00eb i lart\u00eb i infeksioneve q\u00eb nga fillimi i vitit 2025, me pasoja 8 vdekje krahasuar me 10 n\u00eb anket\u00ebn e m\u00ebparshme. Numri i tamponeve \u00ebsht\u00eb gjithashtu n\u00eb rritje. Nga 28 gushti deri m\u00eb 3 shtator, 27,891 krahasuar me 17,942 jav\u00ebn e kaluar.<\/p>\n\n\n\n<p>Lombardia me 532 raste, Kampania me 319 dhe Emilia-Romagna me 24 jan\u00eb rajonet m\u00eb t\u00eb prekura t\u00eb Italis\u00eb. Nj\u00eb rritje kaq e konsiderueshme e rasteve nuk p\u00ebrputhet me nj\u00eb rritje proporcionale t\u00eb presionit mbi spitalet. Rritja e rasteve, sipas ekspert\u00ebve, favorizohet nga qarkullimi i variantit t\u00eb ri Stratus.<\/p>\n\n\n\n<p>Q\u00eb nga 3 shtatori, mbushja e shtret\u00ebrve mjek\u00ebsor\u00eb ishte 1.2% me 760 pacient\u00eb, nj\u00eb rritje e leht\u00eb krahasuar me jav\u00ebn e kaluar 1.1% q\u00eb nga 27 gushti. Mbushja e shtret\u00ebrve n\u00eb kujdes intensiv mbeti e q\u00ebndrueshme n\u00eb 0.3% ose 27 pacient\u00eb, krahasuar me jav\u00ebn e kaluar 0.3% q\u00eb nga 27 gushti.<\/p>\n\n\n\n<p>Sipas raportit, shkall\u00ebt e shtrimit n\u00eb spital dhe t\u00eb vdekshm\u00ebris\u00eb jan\u00eb m\u00eb t\u00eb larta n\u00eb grupmoshat m\u00eb t\u00eb vjetra. Nd\u00ebrsa indeksi i transmetueshm\u00ebris\u00eb (Rt), i llogaritur duke p\u00ebrdorur t\u00eb dh\u00ebnat e nxjerra m\u00eb 3 shtator 2025 dhe bazuar n\u00eb rastet e shtruara n\u00eb spital q\u00eb nga 19 gushti, \u00ebsht\u00eb 1.41 (1.24-1.60), n\u00eb thelb i q\u00ebndruesh\u00ebm krahasuar me jav\u00ebn e kaluar (Rt = 1.35). Incidenca javore 28 gusht 2025 \u2013 3 shtator 2025 e rasteve t\u00eb diagnostikuara \u00ebsht\u00eb pak n\u00eb rritje n\u00eb shumic\u00ebn e Rajoneve\/Provincave Autonome krahasuar me jav\u00ebn e kaluar.<\/p>\n\n\n\n<p>Grupmoshat me shkall\u00ebt m\u00eb t\u00eb larta t\u00eb incidenc\u00ebs javore jan\u00eb ato t\u00eb mosh\u00ebs 80-89 vje\u00e7 dhe mbi 90 vje\u00e7. Incidenca javore \u00ebsht\u00eb n\u00eb thelb e q\u00ebndrueshme n\u00eb t\u00eb gjitha grupmoshat. Mosha mesatare n\u00eb diagnoz\u00eb \u00ebsht\u00eb 62 vje\u00e7, nj\u00eb r\u00ebnie e leht\u00eb krahasuar me jav\u00ebn e kaluar. Shkalla e riinfektimit \u00ebsht\u00eb af\u00ebrsisht 43%, nj\u00eb rritje krahasuar me jav\u00ebn e kaluar. T\u00eb dh\u00ebnat paraprake p\u00ebr muajin gusht 2025 (q\u00eb nga 31 gushti 2025) nxjerrin n\u00eb pah bashk\u00eb-qarkullimin e n\u00ebnvarianteve t\u00eb ndryshme JN.1, tashm\u00eb n\u00ebn shqyrtim nd\u00ebrkomb\u00ebtar, me nj\u00eb mbizot\u00ebrim t\u00eb sekuencimit q\u00eb i atribuohet XFG. \/A2<\/p>\n","protected":false},"excerpt":{"rendered":"<p>Jav&euml;n e fundit n&euml; Itali u regjistruan 2,052 raste t&euml; reja t&euml; Covid-it, me nj&euml; rritje prej 47% krahasuar me jav&euml;n e kaluar. Kjo &euml;sht&euml; ajo q&euml; del nga raporti i fundit nga Ministria e Sh&euml;ndet&euml;sis&euml;, sipas t&euml; cil&euml;s ky &euml;sht&euml; numri m&euml; i lart&euml; i infeksioneve q&euml; nga fillimi i vitit 2025, me pasoja [&hellip;]<\/p>\n","protected":false},"author":2,"featured_media":43321,"comment_status":"open","ping_status":"closed","sticky":false,"template":"","format":"standard","meta":{"_monsterinsights_skip_tracking":false,"_monsterinsights_sitenote_active":false,"_monsterinsights_sitenote_note":"","_monsterinsights_sitenote_category":0,"footnotes":""},"categories":[569],"tags":[],"class_list":["post-43320","post","type-post","status-publish","format-standard","has-post-thumbnail","hentry","category-bota"],"_links":{"self":[{"href":"https:\/\/radiojehona.mk\/index.php?rest_route=\/wp\/v2\/posts\/43320","targetHints":{"allow":["GET"]}}],"collection":[{"href":"https:\/\/radiojehona.mk\/index.php?rest_route=\/wp\/v2\/posts"}],"about":[{"href":"https:\/\/radiojehona.mk\/index.php?rest_route=\/wp\/v2\/types\/post"}],"author":[{"embeddable":true,"href":"https:\/\/radiojehona.mk\/index.php?rest_route=\/wp\/v2\/users\/2"}],"replies":[{"embeddable":true,"href":"https:\/\/radiojehona.mk\/index.php?rest_route=%2Fwp%2Fv2%2Fcomments&post=43320"}],"version-history":[{"count":1,"href":"https:\/\/radiojehona.mk\/index.php?rest_route=\/wp\/v2\/posts\/43320\/revisions"}],"predecessor-version":[{"id":43322,"href":"https:\/\/radiojehona.mk\/index.php?rest_route=\/wp\/v2\/posts\/43320\/revisions\/43322"}],"wp:featuredmedia":[{"embeddable":true,"href":"https:\/\/radiojehona.mk\/index.php?rest_route=\/wp\/v2\/media\/43321"}],"wp:attachment":[{"href":"https:\/\/radiojehona.mk\/index.php?rest_route=%2Fwp%2Fv2%2Fmedia&parent=43320"}],"wp:term":[{"taxonomy":"category","embeddable":true,"href":"https:\/\/radiojehona.mk\/index.php?rest_route=%2Fwp%2Fv2%2Fcategories&post=43320"},{"taxonomy":"post_tag","embeddable":true,"href":"https:\/\/radiojehona.mk\/index.php?rest_route=%2Fwp%2Fv2%2Ftags&post=43320"}],"curies":[{"name":"wp","href":"https:\/\/api.w.org\/{rel}","templated":true}]}}