{"id":43317,"date":"2025-09-09T17:46:25","date_gmt":"2025-09-09T17:46:25","guid":{"rendered":"https:\/\/radiojehona.com\/?p=43317"},"modified":"2025-09-09T17:46:26","modified_gmt":"2025-09-09T17:46:26","slug":"okb-ja-denon-sulmin-izraelit-ne-katar","status":"publish","type":"post","link":"https:\/\/radiojehona.mk\/?p=43317","title":{"rendered":"OKB-ja d\u00ebnon sulmin izraelit n\u00eb Katar"},"content":{"rendered":"\n<figure class=\"wp-block-image size-large\"><img fetchpriority=\"high\" decoding=\"async\" width=\"1024\" height=\"676\" src=\"https:\/\/radiojehona.com\/wp-content\/uploads\/2025\/09\/IMG_2507-1024x676.jpeg\" alt=\"\" class=\"wp-image-43318\" srcset=\"https:\/\/radiojehona.mk\/wp-content\/uploads\/2025\/09\/IMG_2507-1024x676.jpeg 1024w, https:\/\/radiojehona.mk\/wp-content\/uploads\/2025\/09\/IMG_2507-300x198.jpeg 300w, https:\/\/radiojehona.mk\/wp-content\/uploads\/2025\/09\/IMG_2507-768x507.jpeg 768w, https:\/\/radiojehona.mk\/wp-content\/uploads\/2025\/09\/IMG_2507.jpeg 1125w\" sizes=\"(max-width: 1024px) 100vw, 1024px\" \/><\/figure>\n\n\n\n<p>Sekretari i P\u00ebrgjithsh\u00ebm i OKB-s\u00eb, Antonio Guterres, ka d\u00ebnuar sulmin izraelit mbi Doha t\u00eb Katarit duke th\u00ebn\u00eb se ai p\u00ebrb\u00ebn \u201c shkelje flagrante t\u00eb sovranitetit dhe integritetit territorial t\u00eb Katarit&#8221;.<\/p>\n\n\n\n<p>Sekretari i P\u00ebrgjithsh\u00ebm i OKB-s\u00eb, Antonio Guterres, ka d\u00ebnuar sulmin izraelit mbi Doha t\u00eb Katarit duke th\u00ebn\u00eb se ai p\u00ebrb\u00ebn \u201c shkelje flagrante t\u00eb sovranitetit dhe integritetit territorial t\u00eb Katarit&#8221;.<\/p>\n\n\n\n<p>Duke folur n\u00eb nj\u00eb konferenc\u00eb p\u00ebr shtyp pak \u00e7aste pas sulmit ndaj udh\u00ebheq\u00ebsve t\u00eb Hamasit n\u00eb Katar, Guterres e ka p\u00ebrshkruar Katarin si &#8220;nj\u00eb vend q\u00eb ka luajtur nj\u00eb rol shum\u00eb pozitiv p\u00ebr t\u00eb arritur nj\u00eb arm\u00ebpushim dhe lirimin e t\u00eb gjith\u00eb pengjeve&#8221;.<\/p>\n\n\n\n<p>&#8220;T\u00eb gjitha pal\u00ebt duhet t\u00eb punojn\u00eb p\u00ebr t\u00eb arritur nj\u00eb arm\u00ebpushim t\u00eb p\u00ebrhersh\u00ebm, jo p\u00ebr ta shkat\u00ebrruar at\u00eb&#8221;, ka th\u00ebn\u00eb shefi i OKB-s\u00eb.&nbsp;<\/p>\n","protected":false},"excerpt":{"rendered":"<p>Sekretari i P&euml;rgjithsh&euml;m i OKB-s&euml;, Antonio Guterres, ka d&euml;nuar sulmin izraelit mbi Doha t&euml; Katarit duke th&euml;n&euml; se ai p&euml;rb&euml;n &ldquo; shkelje flagrante t&euml; sovranitetit dhe integritetit territorial t&euml; Katarit&rdquo;. Sekretari i P&euml;rgjithsh&euml;m i OKB-s&euml;, Antonio Guterres, ka d&euml;nuar sulmin izraelit mbi Doha t&euml; Katarit duke th&euml;n&euml; se ai p&euml;rb&euml;n &ldquo; shkelje flagrante t&euml; sovranitetit [&hellip;]<\/p>\n","protected":false},"author":2,"featured_media":43318,"comment_status":"open","ping_status":"closed","sticky":false,"template":"","format":"standard","meta":{"_monsterinsights_skip_tracking":false,"_monsterinsights_sitenote_active":false,"_monsterinsights_sitenote_note":"","_monsterinsights_sitenote_category":0,"footnotes":""},"categories":[569],"tags":[],"class_list":["post-43317","post","type-post","status-publish","format-standard","has-post-thumbnail","hentry","category-bota"],"_links":{"self":[{"href":"https:\/\/radiojehona.mk\/index.php?rest_route=\/wp\/v2\/posts\/43317","targetHints":{"allow":["GET"]}}],"collection":[{"href":"https:\/\/radiojehona.mk\/index.php?rest_route=\/wp\/v2\/posts"}],"about":[{"href":"https:\/\/radiojehona.mk\/index.php?rest_route=\/wp\/v2\/types\/post"}],"author":[{"embeddable":true,"href":"https:\/\/radiojehona.mk\/index.php?rest_route=\/wp\/v2\/users\/2"}],"replies":[{"embeddable":true,"href":"https:\/\/radiojehona.mk\/index.php?rest_route=%2Fwp%2Fv2%2Fcomments&post=43317"}],"version-history":[{"count":1,"href":"https:\/\/radiojehona.mk\/index.php?rest_route=\/wp\/v2\/posts\/43317\/revisions"}],"predecessor-version":[{"id":43319,"href":"https:\/\/radiojehona.mk\/index.php?rest_route=\/wp\/v2\/posts\/43317\/revisions\/43319"}],"wp:featuredmedia":[{"embeddable":true,"href":"https:\/\/radiojehona.mk\/index.php?rest_route=\/wp\/v2\/media\/43318"}],"wp:attachment":[{"href":"https:\/\/radiojehona.mk\/index.php?rest_route=%2Fwp%2Fv2%2Fmedia&parent=43317"}],"wp:term":[{"taxonomy":"category","embeddable":true,"href":"https:\/\/radiojehona.mk\/index.php?rest_route=%2Fwp%2Fv2%2Fcategories&post=43317"},{"taxonomy":"post_tag","embeddable":true,"href":"https:\/\/radiojehona.mk\/index.php?rest_route=%2Fwp%2Fv2%2Ftags&post=43317"}],"curies":[{"name":"wp","href":"https:\/\/api.w.org\/{rel}","templated":true}]}}