{"id":43314,"date":"2025-09-09T17:44:19","date_gmt":"2025-09-09T17:44:19","guid":{"rendered":"https:\/\/radiojehona.com\/?p=43314"},"modified":"2025-09-09T17:44:20","modified_gmt":"2025-09-09T17:44:20","slug":"djali-i-liderit-te-hamasit-ne-mesin-e-viktimave-nga-sulmi-izraelit-ne-doha","status":"publish","type":"post","link":"https:\/\/radiojehona.mk\/?p=43314","title":{"rendered":"Djali i liderit t\u00eb Hamasit, n\u00eb mesin e viktimave nga sulmi izraelit n\u00eb Doha"},"content":{"rendered":"\n<figure class=\"wp-block-image size-large\"><img fetchpriority=\"high\" decoding=\"async\" width=\"1024\" height=\"645\" src=\"https:\/\/radiojehona.com\/wp-content\/uploads\/2025\/09\/IMG_2506-1024x645.jpeg\" alt=\"\" class=\"wp-image-43315\" srcset=\"https:\/\/radiojehona.mk\/wp-content\/uploads\/2025\/09\/IMG_2506-1024x645.jpeg 1024w, https:\/\/radiojehona.mk\/wp-content\/uploads\/2025\/09\/IMG_2506-300x189.jpeg 300w, https:\/\/radiojehona.mk\/wp-content\/uploads\/2025\/09\/IMG_2506-768x484.jpeg 768w, https:\/\/radiojehona.mk\/wp-content\/uploads\/2025\/09\/IMG_2506.jpeg 1114w\" sizes=\"(max-width: 1024px) 100vw, 1024px\" \/><\/figure>\n\n\n\n<p>Djali i liderit t\u00eb Hamasit, Khalil Al-Hayyas dhe nj\u00eb ndihm\u00ebs jan\u00eb vrar\u00eb nga sulmi izraelit ndaj udh\u00ebheqjes s\u00eb Hamasit n\u00eb Doha t\u00eb mart\u00ebn n\u00eb mesdit\u00eb, sipas raportimeve.<\/p>\n\n\n\n<p>Suhail al-Hindi, nj\u00eb an\u00ebtar i byros\u00eb politike t\u00eb Hamasit, ka th\u00ebn\u00eb se sulmet kan\u00eb vrar\u00eb djalin e Hayyas, Hammam, dhe nj\u00eb nga ndihm\u00ebsit e tij kryesor\u00eb, raporton The Guardian.<\/p>\n\n\n\n<p>Kontakti \u00ebsht\u00eb humbur edhe me tre truproja t\u00eb tjer\u00eb, ka shtuar ai.<\/p>\n\n\n\n<p>&#8220;Gjaku i udh\u00ebheqjes s\u00eb l\u00ebvizjes \u00ebsht\u00eb si gjaku i \u00e7do f\u00ebmije palestinez&#8221;, ka th\u00ebn\u00eb ai p\u00ebr televizionin Al Jazeera.<\/p>\n","protected":false},"excerpt":{"rendered":"<p>Djali i liderit t&euml; Hamasit, Khalil Al-Hayyas dhe nj&euml; ndihm&euml;s jan&euml; vrar&euml; nga sulmi izraelit ndaj udh&euml;heqjes s&euml; Hamasit n&euml; Doha t&euml; mart&euml;n n&euml; mesdit&euml;, sipas raportimeve. Suhail al-Hindi, nj&euml; an&euml;tar i byros&euml; politike t&euml; Hamasit, ka th&euml;n&euml; se sulmet kan&euml; vrar&euml; djalin e Hayyas, Hammam, dhe nj&euml; nga ndihm&euml;sit e tij kryesor&euml;, raporton The [&hellip;]<\/p>\n","protected":false},"author":2,"featured_media":43315,"comment_status":"open","ping_status":"closed","sticky":false,"template":"","format":"standard","meta":{"_monsterinsights_skip_tracking":false,"_monsterinsights_sitenote_active":false,"_monsterinsights_sitenote_note":"","_monsterinsights_sitenote_category":0,"footnotes":""},"categories":[569],"tags":[],"class_list":["post-43314","post","type-post","status-publish","format-standard","has-post-thumbnail","hentry","category-bota"],"_links":{"self":[{"href":"https:\/\/radiojehona.mk\/index.php?rest_route=\/wp\/v2\/posts\/43314","targetHints":{"allow":["GET"]}}],"collection":[{"href":"https:\/\/radiojehona.mk\/index.php?rest_route=\/wp\/v2\/posts"}],"about":[{"href":"https:\/\/radiojehona.mk\/index.php?rest_route=\/wp\/v2\/types\/post"}],"author":[{"embeddable":true,"href":"https:\/\/radiojehona.mk\/index.php?rest_route=\/wp\/v2\/users\/2"}],"replies":[{"embeddable":true,"href":"https:\/\/radiojehona.mk\/index.php?rest_route=%2Fwp%2Fv2%2Fcomments&post=43314"}],"version-history":[{"count":1,"href":"https:\/\/radiojehona.mk\/index.php?rest_route=\/wp\/v2\/posts\/43314\/revisions"}],"predecessor-version":[{"id":43316,"href":"https:\/\/radiojehona.mk\/index.php?rest_route=\/wp\/v2\/posts\/43314\/revisions\/43316"}],"wp:featuredmedia":[{"embeddable":true,"href":"https:\/\/radiojehona.mk\/index.php?rest_route=\/wp\/v2\/media\/43315"}],"wp:attachment":[{"href":"https:\/\/radiojehona.mk\/index.php?rest_route=%2Fwp%2Fv2%2Fmedia&parent=43314"}],"wp:term":[{"taxonomy":"category","embeddable":true,"href":"https:\/\/radiojehona.mk\/index.php?rest_route=%2Fwp%2Fv2%2Fcategories&post=43314"},{"taxonomy":"post_tag","embeddable":true,"href":"https:\/\/radiojehona.mk\/index.php?rest_route=%2Fwp%2Fv2%2Ftags&post=43314"}],"curies":[{"name":"wp","href":"https:\/\/api.w.org\/{rel}","templated":true}]}}