{"id":43311,"date":"2025-09-09T17:42:57","date_gmt":"2025-09-09T17:42:57","guid":{"rendered":"https:\/\/radiojehona.com\/?p=43311"},"modified":"2025-09-09T17:42:58","modified_gmt":"2025-09-09T17:42:58","slug":"osmani-per-kopshtet-dhe-cerdhet-cdo-investim-tek-femijet-eshte-investim-ne-te-ardhmen","status":"publish","type":"post","link":"https:\/\/radiojehona.mk\/?p=43311","title":{"rendered":"Osmani p\u00ebr kopshtet dhe \u00e7erdhet: \u00c7do investim tek f\u00ebmij\u00ebt \u00ebsht\u00eb investim n\u00eb t\u00eb ardhmen"},"content":{"rendered":"\n<figure class=\"wp-block-image size-large\"><img fetchpriority=\"high\" decoding=\"async\" width=\"1024\" height=\"761\" src=\"https:\/\/radiojehona.com\/wp-content\/uploads\/2025\/09\/IMG_2505-1024x761.jpeg\" alt=\"\" class=\"wp-image-43312\" srcset=\"https:\/\/radiojehona.mk\/wp-content\/uploads\/2025\/09\/IMG_2505-1024x761.jpeg 1024w, https:\/\/radiojehona.mk\/wp-content\/uploads\/2025\/09\/IMG_2505-300x223.jpeg 300w, https:\/\/radiojehona.mk\/wp-content\/uploads\/2025\/09\/IMG_2505-768x571.jpeg 768w, https:\/\/radiojehona.mk\/wp-content\/uploads\/2025\/09\/IMG_2505.jpeg 1125w\" sizes=\"(max-width: 1024px) 100vw, 1024px\" \/><\/figure>\n\n\n\n<p>Arsimi parashkollor \u00ebsht\u00eb themeli mbi t\u00eb cilin nd\u00ebrtohet suksesi i \u00e7do f\u00ebmije, por edhe e ardhmja e gjith\u00eb shoq\u00ebris\u00eb son\u00eb. Vitet e para t\u00eb jet\u00ebs jan\u00eb m\u00eb t\u00eb r\u00ebnd\u00ebsishmet p\u00ebr formimin e personalitetit, p\u00ebr zhvillimin e tyre, p\u00ebr g\u00ebzimin dhe sigurin\u00eb e tyre. Prandaj them: \u00e7do investim tek f\u00ebmij\u00ebt \u00ebsht\u00eb investim n\u00eb t\u00eb ardhmen. K\u00ebshtu ka th\u00ebn\u00eb kandidati i Aleanc\u00ebs Komb\u00ebtare p\u00ebr Integrim p\u00ebr Komun\u00ebn e \u00c7airit, Bujar Osmani, nd\u00ebrsa ka premtuar investime t\u00eb reja n\u00eb kopshtet dhe \u00e7erdhet q\u00eb gravitojn\u00eb n\u00eb Komun\u00ebn e \u00c7airit.<\/p>\n\n\n\n<p>\u201cSot, shum\u00eb prind\u00ebr n\u00eb \u00c7air p\u00ebrballen me munges\u00eb vendesh n\u00eb \u00e7erdhe, me kushte t\u00eb pap\u00ebrshtatshme, me oborre t\u00eb l\u00ebna pas dore dhe hap\u00ebsira q\u00eb n\u00eb vend t\u00eb jen\u00eb oaz\u00eb p\u00ebr m\u00eb t\u00eb dashurit tan\u00eb, p\u00ebrb\u00ebjn\u00eb rrezik. P\u00ebr vite me radh\u00eb komuna ka kursyer tek m\u00eb e r\u00ebnd\u00ebsishmja \u2013 tek f\u00ebmij\u00ebt. \u00cbsht\u00eb kursyer nga f\u00ebmij\u00ebria e tyre, nga e ardhmja e tyre. Kjo duhet t\u00eb ndryshoj\u00eb dhe do ta ndryshojm\u00eb pas 19 tetorit\u201d, tha Osmani, nd\u00ebrsa shpalosi vizionin e tij n\u00eb k\u00ebt\u00eb drejtim.<\/p>\n\n\n\n<p>\u201cVizioni yn\u00eb \u00ebsht\u00eb i qart\u00eb dhe konkret. Do ta rikonstruktojm\u00eb \u00e7do \u00e7erdhe ekzistuese, nga klasat dhe tualetet deri tek kuzhinat dhe oborret. Siguria do t\u00eb jet\u00eb prioritet absolut, do t\u00eb vendosen gardhe n\u00eb t\u00eb gjitha oborret, do t\u00eb sigurohet mbrojtje falas n\u00eb t\u00eb gjitha objektet dhe \u00e7do hap\u00ebsir\u00eb do t\u00eb ket\u00eb pastrues ajri dhe teknologjin\u00eb m\u00eb moderne p\u00ebr nj\u00eb mjedis t\u00eb past\u00ebr dhe t\u00eb sh\u00ebndetsh\u00ebm. E di se sot kapacitetet jan\u00eb t\u00eb pamjaftueshme dhe shum\u00eb f\u00ebmij\u00eb mbesin jasht\u00eb sistemit. P\u00ebr k\u00ebt\u00eb arsye, do t\u00eb nd\u00ebrtojm\u00eb dy \u00e7erdhe t\u00eb reja, ultramoderne, q\u00eb jan\u00eb pjes\u00eb e projektit q\u00eb do ta prezantoj\u00eb arkitekti i njohur bot\u00ebrisht nga Meksika, Michel Rojkind. Me konceptin m\u00eb bashk\u00ebkohor, me hap\u00ebsira shtes\u00eb dhe zgjidhje inovative, k\u00ebto \u00e7erdhe do t\u00eb jen\u00eb simbol i \u00c7airit t\u00eb ri, vendi ku \u00e7do f\u00ebmij\u00eb do t\u00eb ket\u00eb mund\u00ebsi p\u00ebr nj\u00eb f\u00ebmij\u00ebri t\u00eb lumtur dhe t\u00eb sigurt. Detajet p\u00ebr lokacionin, konceptin dhe buxhetin do t\u2019i paraqesim n\u00eb dit\u00ebt n\u00eb vijim\u201d.<\/p>\n\n\n\n<p>Por nuk b\u00ebhet fjal\u00eb vet\u00ebm p\u00ebr mure dhe nd\u00ebrtesa, tha m\u00eb tej Osmani.<\/p>\n\n\n\n<p>\u201cDo t\u00eb investojm\u00eb n\u00eb materiale edukative, n\u00eb k\u00ebnde loj\u00ebrash moderne, n\u00eb kopshte ekologjike n\u00eb \u00e7do oborr p\u00ebr p\u00ebrvoj\u00ebn e par\u00eb me natyr\u00ebn, si dhe n\u00eb programe p\u00ebr p\u00ebrfshirjen e prind\u00ebrve dhe partneritetin me edukatoret. Edukimi \u00ebsht\u00eb pun\u00eb e p\u00ebrbashk\u00ebt dhe p\u00ebr k\u00ebt\u00eb arsye, do t\u00eb mund\u00ebsojm\u00eb ngritje t\u00eb vazhdueshme profesionale p\u00ebr edukatoret dhe kujdestaret\u201d, u shpreh Osmani dhe tha se \u00e7do f\u00ebmij\u00eb duhet t\u00eb ket\u00eb t\u00eb drejt\u00eb n\u00eb \u00e7erdhe.<\/p>\n\n\n\n<p>\u201cPrandaj, p\u00ebr f\u00ebmij\u00ebt nga familjet e cenueshme q\u00ebndrimi do t\u00eb jet\u00eb falas. Do t\u00eb sigurojm\u00eb pelena dhe mjete higjienike falas p\u00ebr m\u00eb t\u00eb vegjlit n\u00eb \u00e7erdhe, kontrolle oftalmologjike p\u00ebr nx\u00ebn\u00ebsit e ardhsh\u00ebm t\u00eb klas\u00ebs s\u00eb par\u00eb, si dhe edukim p\u00ebr larjen e duhur t\u00eb dh\u00ebmb\u00ebve, q\u00ebndrimin e trupit dhe parandalimin e deformimeve t\u00eb shtyll\u00ebs kurrizore. Dhe k\u00ebtu dua t\u00eb theksoj: prej vitesh insistoj q\u00eb \u00e7erdhet p\u00ebr f\u00ebmij\u00ebt t\u00eb jen\u00eb t\u00eb detyrueshme, sepse kjo \u00ebsht\u00eb m\u00ebnyra e vetme q\u00eb \u00e7do f\u00ebmij\u00eb t\u00eb ket\u00eb shanse t\u00eb barabarta q\u00eb nga fillimi. Si z\u00ebvend\u00ebskryeminist\u00ebr pata nderin t\u00eb drejtoj seanc\u00ebn e Qeveris\u00eb n\u00eb t\u00eb cil\u00ebn u mor vendimi p\u00ebr nd\u00ebrtimin e \u00e7erdhes s\u00eb re \u2018Bambi\u2019. Ky ishte angazhimi im personal, i negociuar dhe i realizuar pavar\u00ebsisht kund\u00ebrshtimeve t\u00eb forta nga at\u00ebhershmja ministre e pun\u00ebs dhe politik\u00ebs sociale. Dhe sot, pik\u00ebrisht ajo \u00e7erdhe \u00ebsht\u00eb d\u00ebshmi se un\u00eb di si t\u00eb realizoj premtime dhe si ta shnd\u00ebrroj vizionin n\u00eb vepra\u201d, prentoi kandidati i AKI p\u00ebr Komun\u00ebn e \u00c7airit.<\/p>\n\n\n\n<p>Arsimi parashkollor, sipas Osmani, \u00ebsht\u00eb investimi m\u00eb i madh q\u00eb mund t\u00eb b\u00ebjm\u00eb p\u00ebr t\u00eb ardhmen ton\u00eb. \u201cM\u00eb 19 tetor fillojm\u00eb nj\u00eb epok\u00eb t\u00eb re p\u00ebr \u00c7airin, epok\u00eb n\u00eb t\u00eb cil\u00ebn f\u00ebmij\u00ebt m\u00eb n\u00eb fund do t\u00eb jen\u00eb n\u00eb vendin e par\u00eb\u201d.<\/p>\n\n\n\n<p>T\u00eb bashkangjitur ua d\u00ebrgojm\u00eb linkun:<\/p>\n\n\n\n<figure class=\"wp-block-embed\"><div class=\"wp-block-embed__wrapper\">\nhttps:\/\/www.facebook.com\/share\/v\/1GHjUr7kpD\/?mibextid=wwXIfr\n<\/div><\/figure>\n","protected":false},"excerpt":{"rendered":"<p>Arsimi parashkollor &euml;sht&euml; themeli mbi t&euml; cilin nd&euml;rtohet suksesi i &ccedil;do f&euml;mije, por edhe e ardhmja e gjith&euml; shoq&euml;ris&euml; son&euml;. Vitet e para t&euml; jet&euml;s jan&euml; m&euml; t&euml; r&euml;nd&euml;sishmet p&euml;r formimin e personalitetit, p&euml;r zhvillimin e tyre, p&euml;r g&euml;zimin dhe sigurin&euml; e tyre. Prandaj them: &ccedil;do investim tek f&euml;mij&euml;t &euml;sht&euml; investim n&euml; t&euml; ardhmen. K&euml;shtu [&hellip;]<\/p>\n","protected":false},"author":2,"featured_media":43312,"comment_status":"open","ping_status":"closed","sticky":false,"template":"","format":"standard","meta":{"_monsterinsights_skip_tracking":false,"_monsterinsights_sitenote_active":false,"_monsterinsights_sitenote_note":"","_monsterinsights_sitenote_category":0,"footnotes":""},"categories":[1],"tags":[],"class_list":["post-43311","post","type-post","status-publish","format-standard","has-post-thumbnail","hentry","category-vendi"],"_links":{"self":[{"href":"https:\/\/radiojehona.mk\/index.php?rest_route=\/wp\/v2\/posts\/43311","targetHints":{"allow":["GET"]}}],"collection":[{"href":"https:\/\/radiojehona.mk\/index.php?rest_route=\/wp\/v2\/posts"}],"about":[{"href":"https:\/\/radiojehona.mk\/index.php?rest_route=\/wp\/v2\/types\/post"}],"author":[{"embeddable":true,"href":"https:\/\/radiojehona.mk\/index.php?rest_route=\/wp\/v2\/users\/2"}],"replies":[{"embeddable":true,"href":"https:\/\/radiojehona.mk\/index.php?rest_route=%2Fwp%2Fv2%2Fcomments&post=43311"}],"version-history":[{"count":1,"href":"https:\/\/radiojehona.mk\/index.php?rest_route=\/wp\/v2\/posts\/43311\/revisions"}],"predecessor-version":[{"id":43313,"href":"https:\/\/radiojehona.mk\/index.php?rest_route=\/wp\/v2\/posts\/43311\/revisions\/43313"}],"wp:featuredmedia":[{"embeddable":true,"href":"https:\/\/radiojehona.mk\/index.php?rest_route=\/wp\/v2\/media\/43312"}],"wp:attachment":[{"href":"https:\/\/radiojehona.mk\/index.php?rest_route=%2Fwp%2Fv2%2Fmedia&parent=43311"}],"wp:term":[{"taxonomy":"category","embeddable":true,"href":"https:\/\/radiojehona.mk\/index.php?rest_route=%2Fwp%2Fv2%2Fcategories&post=43311"},{"taxonomy":"post_tag","embeddable":true,"href":"https:\/\/radiojehona.mk\/index.php?rest_route=%2Fwp%2Fv2%2Ftags&post=43311"}],"curies":[{"name":"wp","href":"https:\/\/api.w.org\/{rel}","templated":true}]}}