{"id":43307,"date":"2025-09-09T17:40:38","date_gmt":"2025-09-09T17:40:38","guid":{"rendered":"https:\/\/radiojehona.com\/?p=43307"},"modified":"2025-09-09T17:40:39","modified_gmt":"2025-09-09T17:40:39","slug":"aktakuze-ndaj-dy-prokuroreve-dyshohen-per-keqperdorim-te-detyres-zyrtare","status":"publish","type":"post","link":"https:\/\/radiojehona.mk\/?p=43307","title":{"rendered":"Aktakuz\u00eb ndaj dy prokuror\u00ebve, dyshohen p\u00ebr keqp\u00ebrdorim t\u00eb detyr\u00ebs zyrtare"},"content":{"rendered":"\n<figure class=\"wp-block-image size-large\"><img fetchpriority=\"high\" decoding=\"async\" width=\"1024\" height=\"489\" src=\"https:\/\/radiojehona.com\/wp-content\/uploads\/2025\/09\/IMG_2504-1024x489.jpeg\" alt=\"\" class=\"wp-image-43308\" srcset=\"https:\/\/radiojehona.mk\/wp-content\/uploads\/2025\/09\/IMG_2504-1024x489.jpeg 1024w, https:\/\/radiojehona.mk\/wp-content\/uploads\/2025\/09\/IMG_2504-300x143.jpeg 300w, https:\/\/radiojehona.mk\/wp-content\/uploads\/2025\/09\/IMG_2504-768x367.jpeg 768w, https:\/\/radiojehona.mk\/wp-content\/uploads\/2025\/09\/IMG_2504.jpeg 1125w\" sizes=\"(max-width: 1024px) 100vw, 1024px\" \/><\/figure>\n\n\n\n<p>Prokuroria e Shtipit njoftoi sot se ka ngritur akuza kund\u00ebr ish-kreut t\u00eb Prokuroris\u00eb s\u00eb Lart\u00eb t\u00eb Shkupit, Mustafa Hajrullahi, p\u00ebr pes\u00eb vepra penale q\u00eb lidhen me mobingun, por edhe se s\u00eb bashku me Prokurorin e Lart\u00eb Jovan Cvetanovski, ata po ndiqen penalisht p\u00ebr \u201ckursim\u201d t\u00eb rasteve.<\/p>\n\n\n\n<p>\u201cDuke vepruar gjat\u00eb procedur\u00ebs hetimore, prokurori publik siguroi prova n\u00eb lidhje me veprimet zyrtare t\u00eb Prokurorit t\u00eb Lart\u00eb Publik t\u00eb lartp\u00ebrmendur dhe nj\u00eb prokurori tjet\u00ebr publik nga Prokuroria e Lart\u00eb Publike e Shkupit, sipas t\u00eb cilave ai ngriti nj\u00eb aktakuz\u00eb kund\u00ebr tyre, duke i akuzuar ata se kan\u00eb kryer, si bashk\u00ebkryer\u00ebs, nj\u00eb vep\u00ebr penale t\u00eb vazhdueshme t\u00eb Shp\u00ebrdorimit t\u00eb Detyr\u00ebs dhe Autoritetit Zyrtar sipas nenit 353, paragrafi 1 i Kodit Penal\u201d, thon\u00eb nga Prokuroria.<\/p>\n\n\n\n<p>Prandaj, ata sqarojn\u00eb se t\u00eb akuzuarit, n\u00eb periudh\u00ebn nga janari 2023 deri n\u00eb gusht 2024, n\u00eb Prokurorin\u00eb e Lart\u00eb Publike t\u00eb Shkupit, s\u00eb bashku me pjes\u00ebmarrjen n\u00eb veprimet p\u00ebr kryerjen e krimit, me dashje kan\u00eb kryer veprime t\u00eb shum\u00ebfishta t\u00eb lidhura n\u00eb koh\u00eb q\u00eb p\u00ebrb\u00ebjn\u00eb kryerje t\u00eb shum\u00ebfisht\u00eb t\u00eb t\u00eb nj\u00ebjtit krim, duke p\u00ebrfituar nga e nj\u00ebjta marr\u00ebdh\u00ebnie e p\u00ebrhershme dhe t\u00eb nj\u00ebjtat rrethana, duke nd\u00ebrmarr\u00eb veprime zyrtare q\u00eb tejkaluan kufijt\u00eb e autoritetit t\u00eb tyre zyrtar.<\/p>\n","protected":false},"excerpt":{"rendered":"<p>Prokuroria e Shtipit njoftoi sot se ka ngritur akuza kund&euml;r ish-kreut t&euml; Prokuroris&euml; s&euml; Lart&euml; t&euml; Shkupit, Mustafa Hajrullahi, p&euml;r pes&euml; vepra penale q&euml; lidhen me mobingun, por edhe se s&euml; bashku me Prokurorin e Lart&euml; Jovan Cvetanovski, ata po ndiqen penalisht p&euml;r &ldquo;kursim&rdquo; t&euml; rasteve. &ldquo;Duke vepruar gjat&euml; procedur&euml;s hetimore, prokurori publik siguroi prova [&hellip;]<\/p>\n","protected":false},"author":2,"featured_media":43308,"comment_status":"open","ping_status":"closed","sticky":false,"template":"","format":"standard","meta":{"_monsterinsights_skip_tracking":false,"_monsterinsights_sitenote_active":false,"_monsterinsights_sitenote_note":"","_monsterinsights_sitenote_category":0,"footnotes":""},"categories":[1],"tags":[],"class_list":["post-43307","post","type-post","status-publish","format-standard","has-post-thumbnail","hentry","category-vendi"],"_links":{"self":[{"href":"https:\/\/radiojehona.mk\/index.php?rest_route=\/wp\/v2\/posts\/43307","targetHints":{"allow":["GET"]}}],"collection":[{"href":"https:\/\/radiojehona.mk\/index.php?rest_route=\/wp\/v2\/posts"}],"about":[{"href":"https:\/\/radiojehona.mk\/index.php?rest_route=\/wp\/v2\/types\/post"}],"author":[{"embeddable":true,"href":"https:\/\/radiojehona.mk\/index.php?rest_route=\/wp\/v2\/users\/2"}],"replies":[{"embeddable":true,"href":"https:\/\/radiojehona.mk\/index.php?rest_route=%2Fwp%2Fv2%2Fcomments&post=43307"}],"version-history":[{"count":1,"href":"https:\/\/radiojehona.mk\/index.php?rest_route=\/wp\/v2\/posts\/43307\/revisions"}],"predecessor-version":[{"id":43309,"href":"https:\/\/radiojehona.mk\/index.php?rest_route=\/wp\/v2\/posts\/43307\/revisions\/43309"}],"wp:featuredmedia":[{"embeddable":true,"href":"https:\/\/radiojehona.mk\/index.php?rest_route=\/wp\/v2\/media\/43308"}],"wp:attachment":[{"href":"https:\/\/radiojehona.mk\/index.php?rest_route=%2Fwp%2Fv2%2Fmedia&parent=43307"}],"wp:term":[{"taxonomy":"category","embeddable":true,"href":"https:\/\/radiojehona.mk\/index.php?rest_route=%2Fwp%2Fv2%2Fcategories&post=43307"},{"taxonomy":"post_tag","embeddable":true,"href":"https:\/\/radiojehona.mk\/index.php?rest_route=%2Fwp%2Fv2%2Ftags&post=43307"}],"curies":[{"name":"wp","href":"https:\/\/api.w.org\/{rel}","templated":true}]}}