{"id":43303,"date":"2025-09-09T17:38:51","date_gmt":"2025-09-09T17:38:51","guid":{"rendered":"https:\/\/radiojehona.com\/?p=43303"},"modified":"2025-09-09T17:38:52","modified_gmt":"2025-09-09T17:38:52","slug":"mexhiti-investimi-ne-arsimin-e-larte-garanci-per-te-ardhmen-e-vendit","status":"publish","type":"post","link":"https:\/\/radiojehona.mk\/?p=43303","title":{"rendered":"Mexhiti: Investimi n\u00eb arsimin e lart\u00eb, garanci p\u00ebr t\u00eb ardhmen e vendit"},"content":{"rendered":"\n<figure class=\"wp-block-image size-large\"><img fetchpriority=\"high\" decoding=\"async\" width=\"1024\" height=\"706\" src=\"https:\/\/radiojehona.com\/wp-content\/uploads\/2025\/09\/IMG_2503-1024x706.jpeg\" alt=\"\" class=\"wp-image-43304\" srcset=\"https:\/\/radiojehona.mk\/wp-content\/uploads\/2025\/09\/IMG_2503-1024x706.jpeg 1024w, https:\/\/radiojehona.mk\/wp-content\/uploads\/2025\/09\/IMG_2503-300x207.jpeg 300w, https:\/\/radiojehona.mk\/wp-content\/uploads\/2025\/09\/IMG_2503-768x530.jpeg 768w, https:\/\/radiojehona.mk\/wp-content\/uploads\/2025\/09\/IMG_2503.jpeg 1125w\" sizes=\"(max-width: 1024px) 100vw, 1024px\" \/><\/figure>\n\n\n\n<p>Kandidati i VLEN-it, p\u00ebr kryetar t\u00eb \u00c7airit, Izet Mexhiti, ka deklaruar sot se arsimi i lart\u00eb \u00ebsht\u00eb nj\u00eb prioritet strategjik q\u00eb garanton zhvillimin e shoq\u00ebris\u00eb, inovacionin dhe t\u00eb ardhmen e vendit ton\u00eb.<br>P\u00ebr k\u00ebt\u00eb arsye, ka deklaruar ai, \u00ebsht\u00eb n\u00eb qend\u00ebr t\u00eb agjend\u00ebs s\u00eb tyre, zhvillimin, investimin dhe p\u00ebrmir\u00ebsimin e kapaciteteve akademike.<br>\u201cInvestimi n\u00eb arsimin e lart\u00eb \u00ebsht\u00eb edhe detyr\u00eb institucionale, sepse arsimi cil\u00ebsor \u00ebsht\u00eb parakusht p\u00ebr zhvillimin social dhe ekonomik t\u00eb vendit dhe p\u00ebr afirmimin e \u00c7airit si nj\u00eb qend\u00ebr edukimi dhe inovacioni.<br>Komuna e \u00c7airit kufizohet me kat\u00ebr universitete t\u00eb r\u00ebnd\u00ebsishme, dhe vizioni yn\u00eb \u00ebsht\u00eb t\u00eb krijojm\u00eb mund\u00ebsi reale p\u00ebr student\u00ebt, duke siguruar mb\u00ebshtetje, infrastruktur\u00eb moderne dhe programe akademike me standarde evropiane, q\u00eb do t\u2019u mund\u00ebsojn\u00eb student\u00ebve t\u00eb zhvillojn\u00eb potencialin e tyre t\u00eb plot\u00eb.<br>Nj\u00eb shembull konkret i p\u00ebrkushtimit ton\u00eb \u00ebsht\u00eb Universiteti \u201cN\u00ebn\u00eb Tereza\u201d, i cili k\u00ebt\u00eb vit sh\u00ebnon 10-vjetorin e themelimit. Gjat\u00eb mandatit tim si kryetar i Komun\u00ebs s\u00eb \u00c7airit, dhash\u00eb kontributin maksimal p\u00ebr krijimin e k\u00ebtij universiteti, me synimin p\u00ebr t\u00eb ofruar nj\u00eb mjedis akademik dhe mund\u00ebsi zhvillimi n\u00eb gjuh\u00ebn shqipe. Sot, Universiteti \u201cN\u00ebn\u00eb Tereza\u201d ka arritur t\u00eb marr\u00eb nj\u00eb rol t\u00eb r\u00ebnd\u00ebsish\u00ebm komb\u00ebtar dhe rajonal, duke ofruar programe konkurruese dhe perspektiv\u00eb evropiane p\u00ebr student\u00ebt shqiptar\u00eb.<br>Projekti i zhvillimit t\u00eb universitetit ka vazhduar edhe pas kalimit n\u00eb qeverisje, ku p\u00ebrmes investimit strategjik mbi 35 milion\u00eb euro, po mund\u00ebsojm\u00eb nd\u00ebrtimin e kampusit t\u00eb ri. Ky projekt i madh do t\u00eb ofroj\u00eb kapacitete moderne, laborator\u00eb t\u00eb specializuar dhe hap\u00ebsira p\u00ebr k\u00ebrkim shkencor, duke e pozicionuar Universitetin \u201cN\u00ebn\u00eb Tereza\u201d si nj\u00eb qend\u00ebr inovacioni dhe bashk\u00ebpunimi nd\u00ebrkomb\u00ebtar.<br>\u00c7do hap q\u00eb b\u00ebjm\u00eb n\u00eb k\u00ebt\u00eb drejtim ka p\u00ebr q\u00ebllim konsolidimin e universiteteve shqiptare si institucione me standarde evropiane, ofrimin e mund\u00ebsive t\u00eb barabarta p\u00ebr t\u00eb gjith\u00eb student\u00ebt dhe nxitjen e bashk\u00ebpunimit nd\u00ebrkomb\u00ebtar dhe pjes\u00ebmarrjes n\u00eb projekte globale.<br>Me angazhimin ton\u00eb t\u00eb vazhduesh\u00ebm, \u00c7airi afirmohet si nj\u00eb qend\u00ebr e fort\u00eb akademike, ku \u00e7do student mund t\u00eb realizoj\u00eb potencialin e tij dhe t\u00eb kontribuoj\u00eb n\u00eb zhvillimin e vendit\u201d, ka deklaruar Mexhiti.<\/p>\n","protected":false},"excerpt":{"rendered":"<p>Kandidati i VLEN-it, p&euml;r kryetar t&euml; &Ccedil;airit, Izet Mexhiti, ka deklaruar sot se arsimi i lart&euml; &euml;sht&euml; nj&euml; prioritet strategjik q&euml; garanton zhvillimin e shoq&euml;ris&euml;, inovacionin dhe t&euml; ardhmen e vendit ton&euml;.P&euml;r k&euml;t&euml; arsye, ka deklaruar ai, &euml;sht&euml; n&euml; qend&euml;r t&euml; agjend&euml;s s&euml; tyre, zhvillimin, investimin dhe p&euml;rmir&euml;simin e kapaciteteve akademike.&ldquo;Investimi n&euml; arsimin e lart&euml; [&hellip;]<\/p>\n","protected":false},"author":2,"featured_media":43304,"comment_status":"open","ping_status":"closed","sticky":false,"template":"","format":"standard","meta":{"_monsterinsights_skip_tracking":false,"_monsterinsights_sitenote_active":false,"_monsterinsights_sitenote_note":"","_monsterinsights_sitenote_category":0,"footnotes":""},"categories":[1],"tags":[],"class_list":["post-43303","post","type-post","status-publish","format-standard","has-post-thumbnail","hentry","category-vendi"],"_links":{"self":[{"href":"https:\/\/radiojehona.mk\/index.php?rest_route=\/wp\/v2\/posts\/43303","targetHints":{"allow":["GET"]}}],"collection":[{"href":"https:\/\/radiojehona.mk\/index.php?rest_route=\/wp\/v2\/posts"}],"about":[{"href":"https:\/\/radiojehona.mk\/index.php?rest_route=\/wp\/v2\/types\/post"}],"author":[{"embeddable":true,"href":"https:\/\/radiojehona.mk\/index.php?rest_route=\/wp\/v2\/users\/2"}],"replies":[{"embeddable":true,"href":"https:\/\/radiojehona.mk\/index.php?rest_route=%2Fwp%2Fv2%2Fcomments&post=43303"}],"version-history":[{"count":1,"href":"https:\/\/radiojehona.mk\/index.php?rest_route=\/wp\/v2\/posts\/43303\/revisions"}],"predecessor-version":[{"id":43305,"href":"https:\/\/radiojehona.mk\/index.php?rest_route=\/wp\/v2\/posts\/43303\/revisions\/43305"}],"wp:featuredmedia":[{"embeddable":true,"href":"https:\/\/radiojehona.mk\/index.php?rest_route=\/wp\/v2\/media\/43304"}],"wp:attachment":[{"href":"https:\/\/radiojehona.mk\/index.php?rest_route=%2Fwp%2Fv2%2Fmedia&parent=43303"}],"wp:term":[{"taxonomy":"category","embeddable":true,"href":"https:\/\/radiojehona.mk\/index.php?rest_route=%2Fwp%2Fv2%2Fcategories&post=43303"},{"taxonomy":"post_tag","embeddable":true,"href":"https:\/\/radiojehona.mk\/index.php?rest_route=%2Fwp%2Fv2%2Ftags&post=43303"}],"curies":[{"name":"wp","href":"https:\/\/api.w.org\/{rel}","templated":true}]}}