{"id":43300,"date":"2025-09-09T17:35:54","date_gmt":"2025-09-09T17:35:54","guid":{"rendered":"https:\/\/radiojehona.com\/?p=43300"},"modified":"2025-09-09T17:35:55","modified_gmt":"2025-09-09T17:35:55","slug":"nis-vendosja-e-targave-te-kuqe-ne-automjete-zyrtare-me-targa-speciale-pritet-te-pajisen-7500-automjete-deri-me-29-shtator","status":"publish","type":"post","link":"https:\/\/radiojehona.mk\/?p=43300","title":{"rendered":"Nis vendosja e targave t\u00eb kuqe n\u00eb automjete zyrtare! Me targa speciale pritet t\u00eb pajisen 7,500 automjete deri m\u00eb 29 shtator"},"content":{"rendered":"\n<figure class=\"wp-block-image size-large\"><img fetchpriority=\"high\" decoding=\"async\" width=\"1024\" height=\"646\" src=\"https:\/\/radiojehona.com\/wp-content\/uploads\/2025\/09\/IMG_2502-1024x646.jpeg\" alt=\"\" class=\"wp-image-43301\" srcset=\"https:\/\/radiojehona.mk\/wp-content\/uploads\/2025\/09\/IMG_2502-1024x646.jpeg 1024w, https:\/\/radiojehona.mk\/wp-content\/uploads\/2025\/09\/IMG_2502-300x189.jpeg 300w, https:\/\/radiojehona.mk\/wp-content\/uploads\/2025\/09\/IMG_2502-768x485.jpeg 768w, https:\/\/radiojehona.mk\/wp-content\/uploads\/2025\/09\/IMG_2502.jpeg 1125w\" sizes=\"(max-width: 1024px) 100vw, 1024px\" \/><\/figure>\n\n\n\n<p>Sh\u00ebrbimi p\u00ebr Pun\u00eb t\u00eb P\u00ebrgjithshme dhe t\u00eb P\u00ebrbashk\u00ebta i Qeveris\u00eb ka nisur procedur\u00ebn e \u201cbrendimit\u201d, p\u00ebrkat\u00ebsisht sh\u00ebnjimit t\u00eb t\u00eb gjitha automjeteve zyrtare n\u00eb shtet.<\/p>\n\n\n\n<p>Q\u00ebllimi \u00ebsht\u00eb q\u00eb deri m\u00eb 29 shtator, pra deri n\u00eb fillim t\u00eb fushat\u00ebs p\u00ebr zgjedhjet lokale, t\u00eb gjitha automjetet zyrtare dhe ato n\u00eb pron\u00ebsi t\u00eb shtetit t\u00eb jen\u00eb t\u00eb brenduara, gjegj\u00ebsisht t\u00eb pajisen me targa t\u00eb reja, speciale dhe me ngjyr\u00eb \u2013 deklaroi drejtori i k\u00ebtij sh\u00ebrbimi, Ivica Tomovski.<\/p>\n\n\n\n<p>Tomovski n\u00eb konferenc\u00ebn p\u00ebr shtyp njoftoi se b\u00ebhet fjal\u00eb p\u00ebr rreth 7 deri n\u00eb 7.500 automjete, duke theksuar se Ministria e Pun\u00ebve t\u00eb Brendshme deri m\u00eb 31 dhjetor t\u00eb k\u00ebtij viti ka marr\u00eb p\u00ebrsip\u00ebr t\u00eb p\u00ebrgatis\u00eb nj\u00eb regjist\u00ebr t\u00eb automjeteve zyrtare.<\/p>\n\n\n\n<p>\u201cDje sh\u00ebnuam 34-vjetorin e pavar\u00ebsis\u00eb dhe gjat\u00eb k\u00ebtyre viteve kemi d\u00ebgjuar shpesh premtime se do t\u00eb b\u00ebhet brendimi dhe se do t\u00eb parandalohet abuzimi i mundsh\u00ebm i automjeteve zyrtare p\u00ebr q\u00ebllime private apo partiake, por deri m\u00eb tani kjo nuk ka ndodhur. Tani po e tregojm\u00eb n\u00eb vep\u00ebr. I kemi dh\u00ebn\u00eb udh\u00ebzime dhe rekomandime t\u00eb gjitha institucioneve t\u00eb fillojn\u00eb menj\u00ebher\u00eb me nd\u00ebrrimin e targave. Ky \u00ebsht\u00eb thirrja e dyt\u00eb. Afati \u00ebsht\u00eb deri m\u00eb 15 shtator q\u00eb t\u00eb gjitha automjetet t\u00eb brendohen. N\u00ebse nuk e b\u00ebjn\u00eb k\u00ebt\u00eb, do t\u00eb b\u00ebjm\u00eb edhe nj\u00eb thirrje t\u00eb tret\u00eb, me q\u00ebllim q\u00eb deri m\u00eb 29 shtator, pra deri n\u00eb fillimin e fushat\u00ebs p\u00ebr zgjedhjet lokale, t\u00eb gjitha automjetet zyrtare dhe ato n\u00eb pron\u00ebsi t\u00eb shtetit t\u00eb jen\u00eb t\u00eb brenduara\u201d, theksoi Tomovski.<\/p>\n\n\n\n<p>Ai sqaroi se rregullorja nuk parasheh gjoba, por n\u00ebse disa institucione shmangin ose nuk e realizojn\u00eb brendimin deri m\u00eb 29 shtator, at\u00ebher\u00eb do t\u00eb detyrohen ta b\u00ebjn\u00eb gjat\u00eb regjistrimit t\u00eb automjeteve, kur automatikisht do t\u00eb marrin targa speciale me ngjyr\u00eb.<\/p>\n\n\n\n<p>\u201cJu jeni k\u00ebtu si media, jan\u00eb k\u00ebtu institucionet p\u00ebr t\u00eb treguar me \u00e7far\u00eb automjetesh disponon shteti, gjithashtu edhe Komisioni Antikorrupsion q\u00eb tashm\u00eb ka nj\u00eb lloj regjistri. T\u00eb l\u00ebm\u00eb hap\u00ebsir\u00eb deri n\u00eb fund t\u00eb jav\u00ebs, mendoj se t\u00eb gjitha institucionet do t\u00eb p\u00ebrgjigjen\u201d, u shpreh Tomovski.<\/p>\n\n\n\n<p>Rregullorja parashikon q\u00eb t\u00eb brendohen t\u00eb gjitha automjetet q\u00eb jan\u00eb n\u00eb pron\u00ebsi t\u00eb shtetit \u2013 ato t\u00eb qeveris\u00eb, komunave, nd\u00ebrmarrjeve publike dhe \u00e7do automjet tjet\u00ebr me pron\u00ebsi dominuese shtet\u00ebrore.<\/p>\n\n\n\n<p>\u201cRregullorja do t\u00eb p\u00ebsoj\u00eb disa ndryshime gjat\u00eb vitit, sepse p\u00ebrfshin edhe automjete me destinim specifik, si\u00e7 jan\u00eb disa t\u00eb Ministris\u00eb s\u00eb Brendshme dhe t\u00eb Agjencis\u00eb p\u00ebr Siguri Komb\u00ebtare. K\u00ebto do t\u00eb p\u00ebrjashtohen nga brendimi, por t\u00eb gjitha t\u00eb tjerat do t\u00eb jen\u00eb t\u00eb detyruara t\u00eb brendohen. B\u00ebhet fjal\u00eb kryesisht p\u00ebr automjetet q\u00eb i p\u00ebrdor administrata. Nj\u00eb pjes\u00eb e automjeteve t\u00eb MPB-s\u00eb do t\u00eb p\u00ebrjashtohen, por pjesa tjet\u00ebr do t\u00eb brendohet pasi shfryt\u00ebzohen nga administrata\u201d, deklaroi Tomovski.<\/p>\n\n\n\n<p>Vendimi p\u00ebr k\u00ebt\u00eb risi \u00ebsht\u00eb marr\u00eb n\u00eb mbledhjen e qeveris\u00eb m\u00eb 29 korrik, nd\u00ebrsa t\u00eb parat institucione q\u00eb kan\u00eb filluar tashm\u00eb brendimin e automjeteve jan\u00eb Sh\u00ebrbimi p\u00ebr Pun\u00eb t\u00eb P\u00ebrgjithshme dhe t\u00eb P\u00ebrbashk\u00ebta, Zonat e Lira Industriale, Agjencia p\u00ebr Ushqim dhe Veterinari si dhe Drejtoria e Doganave.<\/p>\n","protected":false},"excerpt":{"rendered":"<p>Sh&euml;rbimi p&euml;r Pun&euml; t&euml; P&euml;rgjithshme dhe t&euml; P&euml;rbashk&euml;ta i Qeveris&euml; ka nisur procedur&euml;n e &ldquo;brendimit&rdquo;, p&euml;rkat&euml;sisht sh&euml;njimit t&euml; t&euml; gjitha automjeteve zyrtare n&euml; shtet. Q&euml;llimi &euml;sht&euml; q&euml; deri m&euml; 29 shtator, pra deri n&euml; fillim t&euml; fushat&euml;s p&euml;r zgjedhjet lokale, t&euml; gjitha automjetet zyrtare dhe ato n&euml; pron&euml;si t&euml; shtetit t&euml; jen&euml; t&euml; brenduara, gjegj&euml;sisht [&hellip;]<\/p>\n","protected":false},"author":2,"featured_media":43301,"comment_status":"open","ping_status":"closed","sticky":false,"template":"","format":"standard","meta":{"_monsterinsights_skip_tracking":false,"_monsterinsights_sitenote_active":false,"_monsterinsights_sitenote_note":"","_monsterinsights_sitenote_category":0,"footnotes":""},"categories":[1],"tags":[],"class_list":["post-43300","post","type-post","status-publish","format-standard","has-post-thumbnail","hentry","category-vendi"],"_links":{"self":[{"href":"https:\/\/radiojehona.mk\/index.php?rest_route=\/wp\/v2\/posts\/43300","targetHints":{"allow":["GET"]}}],"collection":[{"href":"https:\/\/radiojehona.mk\/index.php?rest_route=\/wp\/v2\/posts"}],"about":[{"href":"https:\/\/radiojehona.mk\/index.php?rest_route=\/wp\/v2\/types\/post"}],"author":[{"embeddable":true,"href":"https:\/\/radiojehona.mk\/index.php?rest_route=\/wp\/v2\/users\/2"}],"replies":[{"embeddable":true,"href":"https:\/\/radiojehona.mk\/index.php?rest_route=%2Fwp%2Fv2%2Fcomments&post=43300"}],"version-history":[{"count":1,"href":"https:\/\/radiojehona.mk\/index.php?rest_route=\/wp\/v2\/posts\/43300\/revisions"}],"predecessor-version":[{"id":43302,"href":"https:\/\/radiojehona.mk\/index.php?rest_route=\/wp\/v2\/posts\/43300\/revisions\/43302"}],"wp:featuredmedia":[{"embeddable":true,"href":"https:\/\/radiojehona.mk\/index.php?rest_route=\/wp\/v2\/media\/43301"}],"wp:attachment":[{"href":"https:\/\/radiojehona.mk\/index.php?rest_route=%2Fwp%2Fv2%2Fmedia&parent=43300"}],"wp:term":[{"taxonomy":"category","embeddable":true,"href":"https:\/\/radiojehona.mk\/index.php?rest_route=%2Fwp%2Fv2%2Fcategories&post=43300"},{"taxonomy":"post_tag","embeddable":true,"href":"https:\/\/radiojehona.mk\/index.php?rest_route=%2Fwp%2Fv2%2Ftags&post=43300"}],"curies":[{"name":"wp","href":"https:\/\/api.w.org\/{rel}","templated":true}]}}