{"id":43297,"date":"2025-09-09T12:47:06","date_gmt":"2025-09-09T12:47:06","guid":{"rendered":"https:\/\/radiojehona.com\/?p=43297"},"modified":"2025-09-09T12:47:06","modified_gmt":"2025-09-09T12:47:06","slug":"rregulla-te-reja-per-udhetim-ne-vendet-e-be-se-nga-12-tetori-mpb-do-ti-informoje-qytetaret-ne-kohe","status":"publish","type":"post","link":"https:\/\/radiojehona.mk\/?p=43297","title":{"rendered":"Rregulla t\u00eb reja p\u00ebr udh\u00ebtim n\u00eb vendet e BE-s\u00eb nga 12 tetori, MPB: Do t\u2019i informoj\u00eb qytetar\u00ebt n\u00eb koh\u00eb"},"content":{"rendered":"\n<figure class=\"wp-block-image size-large\"><img fetchpriority=\"high\" decoding=\"async\" width=\"1024\" height=\"621\" src=\"https:\/\/radiojehona.com\/wp-content\/uploads\/2025\/09\/IMG_2500-1024x621.jpeg\" alt=\"\" class=\"wp-image-43298\" srcset=\"https:\/\/radiojehona.mk\/wp-content\/uploads\/2025\/09\/IMG_2500-1024x621.jpeg 1024w, https:\/\/radiojehona.mk\/wp-content\/uploads\/2025\/09\/IMG_2500-300x182.jpeg 300w, https:\/\/radiojehona.mk\/wp-content\/uploads\/2025\/09\/IMG_2500-768x466.jpeg 768w, https:\/\/radiojehona.mk\/wp-content\/uploads\/2025\/09\/IMG_2500.jpeg 1125w\" sizes=\"(max-width: 1024px) 100vw, 1024px\" \/><\/figure>\n\n\n\n<p>Ministria e Pun\u00ebve t\u00eb Brendshme paralajm\u00ebron informim t\u00eb plot\u00eb dhe me koh\u00eb t\u00eb qytetar\u00ebve lidhur me rregullat e reja t\u00eb udh\u00ebtimit n\u00eb Bashkimin Europian, t\u00eb cilat sipas njoftimeve do t\u00eb hyjn\u00eb n\u00eb fuqi m\u00eb 12 tetor. Q\u00ebllimi \u00ebsht\u00eb t\u00eb shmangen vonesat n\u00eb pikat kufitare.<\/p>\n\n\n\n<p>Drejtori i Byros\u00eb p\u00ebr Siguri Publike (BJB), Aleksandar Janev theksoi se jan\u00eb n\u00eb komunikim t\u00eb vazhduesh\u00ebm me partner\u00ebt evropian\u00eb dhe se, sipas rregullativ\u00ebs aktuale t\u00eb BE-s\u00eb, qytetar\u00ebt do t\u00eb duhet t\u00eb plot\u00ebsojn\u00eb aplikacione online.<\/p>\n\n\n\n<p>\u201cDiskutojm\u00eb \u00e7do dit\u00eb q\u00eb kjo procedur\u00eb t\u00eb jet\u00eb sa m\u00eb e leht\u00ebsuar dhe e qasshme p\u00ebr qytetar\u00ebt tan\u00eb. Pajtohem se problemi m\u00eb i madh mund t\u00eb paraqitet n\u00eb pikat kufitare t\u00eb fqinj\u00ebve tan\u00eb q\u00eb jan\u00eb pjes\u00eb e Bashkimit Evropian. Prandaj, detyra jon\u00eb \u00ebsht\u00eb t\u2019i informojm\u00eb qytetar\u00ebt n\u00eb m\u00ebnyr\u00eb t\u00eb plot\u00eb se \u00e7far\u00eb aplikacionesh duhet t\u00eb plot\u00ebsojn\u00eb. Sipas rregullativ\u00ebs aktuale, aplikacioni do t\u00eb b\u00ebhet online, procedura do t\u00eb marr\u00eb pak koh\u00eb dhe do t\u00eb vlej\u00eb p\u00ebr dy vjet. K\u00ebto jan\u00eb njoftimet fillestare, por sapo t\u00eb marrim informacion zyrtar nga BE-ja, ato do t\u2019i ndajm\u00eb me qytetar\u00ebt. Kjo \u00ebsht\u00eb rregullore e BE-s\u00eb dhe ne jemi t\u00eb obliguar ta respektojm\u00eb at\u00eb\u201d, deklaroi Janev.<\/p>\n\n\n\n<p>Sipas t\u00eb dh\u00ebnave m\u00eb t\u00eb fundit, sistemi i hyrje\/daljes EES do t\u00eb nis\u00eb m\u00eb 12 tetor 2025. Ai do t\u00eb zbatohet gradualisht brenda nj\u00eb periudhe gjasht\u00ebmujore n\u00eb 29 vende evropiane (25 shtete an\u00ebtare t\u00eb BE-s\u00eb pjes\u00eb e Zon\u00ebs Shengen, plus Islanda, Lihtenshtajni, Norvegjia dhe Zvicra). Zbatimi i plot\u00eb do t\u00eb filloj\u00eb m\u00eb 10 prill 2026, kur edhe do t\u00eb filloj\u00eb llogaritja elektronike e dit\u00ebve t\u00eb q\u00ebndrimit.<\/p>\n\n\n\n<p>N\u00eb k\u00ebt\u00eb moment, p\u00ebrmes sistemit t\u00eb dyt\u00eb, ETIAS, nuk k\u00ebrkohet asnj\u00eb veprim nga udh\u00ebtar\u00ebt. Bashkimi Evropian do t\u00eb informoj\u00eb shtes\u00eb p\u00ebr dat\u00ebn e sakt\u00eb t\u00eb fillimit t\u00eb ETIAS-it disa muaj para lansimit t\u00eb tij.<\/p>\n","protected":false},"excerpt":{"rendered":"<p>Ministria e Pun&euml;ve t&euml; Brendshme paralajm&euml;ron informim t&euml; plot&euml; dhe me koh&euml; t&euml; qytetar&euml;ve lidhur me rregullat e reja t&euml; udh&euml;timit n&euml; Bashkimin Europian, t&euml; cilat sipas njoftimeve do t&euml; hyjn&euml; n&euml; fuqi m&euml; 12 tetor. Q&euml;llimi &euml;sht&euml; t&euml; shmangen vonesat n&euml; pikat kufitare. Drejtori i Byros&euml; p&euml;r Siguri Publike (BJB), Aleksandar Janev theksoi se [&hellip;]<\/p>\n","protected":false},"author":2,"featured_media":43298,"comment_status":"open","ping_status":"closed","sticky":false,"template":"","format":"standard","meta":{"_monsterinsights_skip_tracking":false,"_monsterinsights_sitenote_active":false,"_monsterinsights_sitenote_note":"","_monsterinsights_sitenote_category":0,"footnotes":""},"categories":[1],"tags":[],"class_list":["post-43297","post","type-post","status-publish","format-standard","has-post-thumbnail","hentry","category-vendi"],"_links":{"self":[{"href":"https:\/\/radiojehona.mk\/index.php?rest_route=\/wp\/v2\/posts\/43297","targetHints":{"allow":["GET"]}}],"collection":[{"href":"https:\/\/radiojehona.mk\/index.php?rest_route=\/wp\/v2\/posts"}],"about":[{"href":"https:\/\/radiojehona.mk\/index.php?rest_route=\/wp\/v2\/types\/post"}],"author":[{"embeddable":true,"href":"https:\/\/radiojehona.mk\/index.php?rest_route=\/wp\/v2\/users\/2"}],"replies":[{"embeddable":true,"href":"https:\/\/radiojehona.mk\/index.php?rest_route=%2Fwp%2Fv2%2Fcomments&post=43297"}],"version-history":[{"count":1,"href":"https:\/\/radiojehona.mk\/index.php?rest_route=\/wp\/v2\/posts\/43297\/revisions"}],"predecessor-version":[{"id":43299,"href":"https:\/\/radiojehona.mk\/index.php?rest_route=\/wp\/v2\/posts\/43297\/revisions\/43299"}],"wp:featuredmedia":[{"embeddable":true,"href":"https:\/\/radiojehona.mk\/index.php?rest_route=\/wp\/v2\/media\/43298"}],"wp:attachment":[{"href":"https:\/\/radiojehona.mk\/index.php?rest_route=%2Fwp%2Fv2%2Fmedia&parent=43297"}],"wp:term":[{"taxonomy":"category","embeddable":true,"href":"https:\/\/radiojehona.mk\/index.php?rest_route=%2Fwp%2Fv2%2Fcategories&post=43297"},{"taxonomy":"post_tag","embeddable":true,"href":"https:\/\/radiojehona.mk\/index.php?rest_route=%2Fwp%2Fv2%2Ftags&post=43297"}],"curies":[{"name":"wp","href":"https:\/\/api.w.org\/{rel}","templated":true}]}}