{"id":43294,"date":"2025-09-09T12:45:11","date_gmt":"2025-09-09T12:45:11","guid":{"rendered":"https:\/\/radiojehona.com\/?p=43294"},"modified":"2025-09-09T12:45:11","modified_gmt":"2025-09-09T12:45:11","slug":"levizja-arberia-i-bashkohet-vlen-it-mexhiti-do-te-dalim-bashke-ne-zgjedhje-kjo-eshte-fitore-per-te-gjithe-shqiptaret","status":"publish","type":"post","link":"https:\/\/radiojehona.mk\/?p=43294","title":{"rendered":"L\u00ebvizja Arb\u00ebria i bashkohet VLEN-it, Mexhiti: Do t\u00eb dalim bashk\u00eb n\u00eb zgjedhje, kjo \u00ebsht\u00eb fitore p\u00ebr t\u00eb gjith\u00eb shqiptar\u00ebt"},"content":{"rendered":"\n<figure class=\"wp-block-image size-large\"><img fetchpriority=\"high\" decoding=\"async\" width=\"1024\" height=\"671\" src=\"https:\/\/radiojehona.com\/wp-content\/uploads\/2025\/09\/IMG_2499-1024x671.jpeg\" alt=\"\" class=\"wp-image-43295\" srcset=\"https:\/\/radiojehona.mk\/wp-content\/uploads\/2025\/09\/IMG_2499-1024x671.jpeg 1024w, https:\/\/radiojehona.mk\/wp-content\/uploads\/2025\/09\/IMG_2499-300x197.jpeg 300w, https:\/\/radiojehona.mk\/wp-content\/uploads\/2025\/09\/IMG_2499-768x503.jpeg 768w, https:\/\/radiojehona.mk\/wp-content\/uploads\/2025\/09\/IMG_2499.jpeg 1125w\" sizes=\"(max-width: 1024px) 100vw, 1024px\" \/><\/figure>\n\n\n\n<p>Koalicioni VLEN dhe L\u00ebvizja Arb\u00ebria n\u00ebnshkruan marr\u00ebveshje t\u00eb bashk\u00ebpunimit p\u00ebr zgjedhjet lokale, p\u00ebrcjell TV21. Kreu i LD-s\u00eb, Izet Mexhiti tha se koalicioni VLEN vazhdimisht po zgjerohet, nd\u00ebrsa theksoi se personalitetet n\u00eb L\u00ebvizjen Arb\u00ebria kan\u00eb hise edhe n\u00eb rezultatin e VLEN n\u00eb zgjedhjet parlamentare, pasi kan\u00eb mb\u00ebshtetur VLEN-in n\u00eb vazhdim\u00ebsi. Bekim Faziliu nga L\u00ebvizja Arb\u00ebria tha se ka pasur proces t\u00eb gjat\u00eb bisedimesh e konsultimesh me qytetar\u00ebt n\u00eb terren p\u00ebr k\u00ebt\u00eb hap.<\/p>\n\n\n\n<p>\u201cPrej sot e tutje jemi koalicion i p\u00ebrbashk\u00ebt si VLEN dhe do t\u00eb jemi bashk\u00eb n\u00eb t\u00eb gjitha komunat duke filluar nga Likova deri n\u00eb komun\u00ebn e Strug\u00ebs, pra ju urojm\u00eb mir\u00ebseardhje, ju urojm\u00eb bashk\u00ebpunim t\u00eb sinqert\u00eb, bashk\u00ebpunim v\u00ebllaz\u00ebror edhe pse kjo nuk ka ardhur brenda nat\u00ebs, kemi qen\u00eb n\u00eb komunikim t\u00eb vazhduesh\u00ebm, p\u00ebr hir t\u00eb s\u00eb v\u00ebrtet\u00ebs pra L\u00ebvizja Arb\u00ebria si individ dhe si personalitete na kan\u00eb mb\u00ebshtetur n\u00eb vazhdim\u00ebsi\u201d, tha mes tjerash Mexhiti.<\/p>\n\n\n\n<p>\u201cNuk \u00ebsht\u00eb nj\u00eb hap i thjesht formal, \u00ebsht\u00eb fryt i nj\u00eb procesi t\u00eb gjat\u00eb bisedimesh edhe konsultimesh edhe me strukturat tona dhe me qytetar\u00ebt n\u00eb terren\u201d, shtoi Fazliu.<\/p>\n","protected":false},"excerpt":{"rendered":"<p>Koalicioni VLEN dhe L&euml;vizja Arb&euml;ria n&euml;nshkruan marr&euml;veshje t&euml; bashk&euml;punimit p&euml;r zgjedhjet lokale, p&euml;rcjell TV21. Kreu i LD-s&euml;, Izet Mexhiti tha se koalicioni VLEN vazhdimisht po zgjerohet, nd&euml;rsa theksoi se personalitetet n&euml; L&euml;vizjen Arb&euml;ria kan&euml; hise edhe n&euml; rezultatin e VLEN n&euml; zgjedhjet parlamentare, pasi kan&euml; mb&euml;shtetur VLEN-in n&euml; vazhdim&euml;si. Bekim Faziliu nga L&euml;vizja Arb&euml;ria tha [&hellip;]<\/p>\n","protected":false},"author":2,"featured_media":43295,"comment_status":"open","ping_status":"closed","sticky":false,"template":"","format":"standard","meta":{"_monsterinsights_skip_tracking":false,"_monsterinsights_sitenote_active":false,"_monsterinsights_sitenote_note":"","_monsterinsights_sitenote_category":0,"footnotes":""},"categories":[1],"tags":[],"class_list":["post-43294","post","type-post","status-publish","format-standard","has-post-thumbnail","hentry","category-vendi"],"_links":{"self":[{"href":"https:\/\/radiojehona.mk\/index.php?rest_route=\/wp\/v2\/posts\/43294","targetHints":{"allow":["GET"]}}],"collection":[{"href":"https:\/\/radiojehona.mk\/index.php?rest_route=\/wp\/v2\/posts"}],"about":[{"href":"https:\/\/radiojehona.mk\/index.php?rest_route=\/wp\/v2\/types\/post"}],"author":[{"embeddable":true,"href":"https:\/\/radiojehona.mk\/index.php?rest_route=\/wp\/v2\/users\/2"}],"replies":[{"embeddable":true,"href":"https:\/\/radiojehona.mk\/index.php?rest_route=%2Fwp%2Fv2%2Fcomments&post=43294"}],"version-history":[{"count":1,"href":"https:\/\/radiojehona.mk\/index.php?rest_route=\/wp\/v2\/posts\/43294\/revisions"}],"predecessor-version":[{"id":43296,"href":"https:\/\/radiojehona.mk\/index.php?rest_route=\/wp\/v2\/posts\/43294\/revisions\/43296"}],"wp:featuredmedia":[{"embeddable":true,"href":"https:\/\/radiojehona.mk\/index.php?rest_route=\/wp\/v2\/media\/43295"}],"wp:attachment":[{"href":"https:\/\/radiojehona.mk\/index.php?rest_route=%2Fwp%2Fv2%2Fmedia&parent=43294"}],"wp:term":[{"taxonomy":"category","embeddable":true,"href":"https:\/\/radiojehona.mk\/index.php?rest_route=%2Fwp%2Fv2%2Fcategories&post=43294"},{"taxonomy":"post_tag","embeddable":true,"href":"https:\/\/radiojehona.mk\/index.php?rest_route=%2Fwp%2Fv2%2Ftags&post=43294"}],"curies":[{"name":"wp","href":"https:\/\/api.w.org\/{rel}","templated":true}]}}